{"id":903,"date":"2025-08-25T15:36:03","date_gmt":"2025-08-25T15:36:03","guid":{"rendered":"https:\/\/muyferiado.com.ar\/?p=903"},"modified":"2025-08-25T15:33:05","modified_gmt":"2025-08-25T15:33:05","slug":"arteba-2025-la-principal-cita-del-arte-en-buenos-aires","status":"publish","type":"post","link":"https:\/\/muyferiado.com.ar\/?p=903","title":{"rendered":"Arteba 2025: la principal cita del arte en Buenos Aires"},"content":{"rendered":"\n<p>Del 29 al 31 de agosto el arte vuelve a ser protagonista en la Ciudad de Buenos Aires con una nueva edici\u00f3n de <strong>arteba<\/strong>. La feria, que se llevar\u00e1 a cabo en el Centro Costa Salguero, presentar\u00e1 una selecci\u00f3n de <strong>67 galer\u00edas<\/strong> con obras de m\u00e1s de <strong>400 artistas<\/strong> provenientes tanto de Argentina como de diferentes partes del mundo.<\/p>\n\n\n\n<p>Con un recorrido de 11.000 m\u00b2, la feria promete ser un punto de encuentro donde convergen las producciones de arte moderno y contempor\u00e1neo. En un contexto global de cambios acelerados por la tecnolog\u00eda y la inteligencia artificial, arteba 2025 busca poner el foco en las personas. <br><br>Esta edici\u00f3n renueva su compromiso con la escena art\u00edstica local, al mismo tiempo que apuesta a una mayor presencia internacional. Se ha impulsado la participaci\u00f3n de galer\u00edas de diversas ciudades del mundo y se han fortalecido los programas de visitas internacionales, consolidando v\u00ednculos con museos y colecciones de renombre global.<\/p>\n\n\n\n<p>La feria se consolida como una plataforma cultural que promueve el encuentro entre artistas, galeristas, curadores, coleccionistas e instituciones. El programa de actividades complementa la exposici\u00f3n con recorridos, charlas y acciones de relacionamiento, fomentando el di\u00e1logo, la formaci\u00f3n y el pensamiento cr\u00edtico sobre el arte, el mercado y los desaf\u00edos del mundo actual.<\/p>\n\n\n\n<h3 class=\"wp-block-heading\">Premio Santander a las Artes Visuales<\/h3>\n\n\n\n<p>En el marco de la feria, se anunciar\u00e1n los finalistas del Premio Santander a las Artes Visuales. Este concurso busca impulsar a artistas y curadores argentinos para que desarrollen un proyecto expositivo in\u00e9dito en la Fundaci\u00f3n Santander, ubicada en el Distrito de las Artes de la Ciudad de Buenos Aires.<\/p>\n\n\n\n<p>El proyecto ganador recibir\u00e1 un premio de USD 40.000 para concretar su propuesta, que ser\u00e1 exhibida durante todo el 2026 en la sala de exposiciones de la Fundaci\u00f3n Santander Argentina. La presentaci\u00f3n de los finalistas ser\u00e1 el mi\u00e9rcoles 27 de agosto a las 13 h en el Espacio para Coleccionistas y Profesionales.<\/p>\n\n\n\n<p><\/p>\n","protected":false},"excerpt":{"rendered":"<p>Del 29 al 31 de agosto el arte vuelve a ser protagonista en la Ciudad<\/p>\n","protected":false},"author":2,"featured_media":904,"comment_status":"open","ping_status":"open","sticky":false,"template":"","format":"standard","meta":{"footnotes":""},"categories":[94,8],"tags":[91],"class_list":["post-903","post","type-post","status-publish","format-standard","has-post-thumbnail","hentry","category-actividades","category-destacado","tag-arteba"],"aioseo_notices":[],"featured_image_urls":{"full":["https:\/\/muyferiado.com.ar\/wp-content\/uploads\/2025\/08\/arteba-2025.jpg",2500,1663,false],"thumbnail":["https:\/\/muyferiado.com.ar\/wp-content\/uploads\/2025\/08\/arteba-2025-150x150.jpg",150,150,true],"medium":["https:\/\/muyferiado.com.ar\/wp-content\/uploads\/2025\/08\/arteba-2025-300x200.jpg",300,200,true],"medium_large":["https:\/\/muyferiado.com.ar\/wp-content\/uploads\/2025\/08\/arteba-2025-768x511.jpg",640,426,true],"large":["https:\/\/muyferiado.com.ar\/wp-content\/uploads\/2025\/08\/arteba-2025-1024x681.jpg",640,426,true],"1536x1536":["https:\/\/muyferiado.com.ar\/wp-content\/uploads\/2025\/08\/arteba-2025-1536x1022.jpg",1536,1022,true],"2048x2048":["https:\/\/muyferiado.com.ar\/wp-content\/uploads\/2025\/08\/arteba-2025-2048x1362.jpg",2048,1362,true],"elegant-magazine-featured":["https:\/\/muyferiado.com.ar\/wp-content\/uploads\/2025\/08\/arteba-2025-1024x681.jpg",1024,681,true],"elegant-magazine-medium":["https:\/\/muyferiado.com.ar\/wp-content\/uploads\/2025\/08\/arteba-2025-720x380.jpg",720,380,true],"elegant-magazine-medium-small":["https:\/\/muyferiado.com.ar\/wp-content\/uploads\/2025\/08\/arteba-2025-300x200.jpg",300,200,true],"elegant-magazine-thumbnail-small":["https:\/\/muyferiado.com.ar\/wp-content\/uploads\/2025\/08\/arteba-2025-50x50.jpg",50,50,true]},"author_info":{"display_name":"Muy Feriado","author_link":"https:\/\/muyferiado.com.ar\/?author=2"},"category_info":"<a href=\"https:\/\/muyferiado.com.ar\/?cat=94\" rel=\"category\">Actividades<\/a> <a href=\"https:\/\/muyferiado.com.ar\/?cat=8\" rel=\"category\">Destacado<\/a>","tag_info":"Destacado","comment_count":"0","_links":{"self":[{"href":"https:\/\/muyferiado.com.ar\/index.php?rest_route=\/wp\/v2\/posts\/903","targetHints":{"allow":["GET"]}}],"collection":[{"href":"https:\/\/muyferiado.com.ar\/index.php?rest_route=\/wp\/v2\/posts"}],"about":[{"href":"https:\/\/muyferiado.com.ar\/index.php?rest_route=\/wp\/v2\/types\/post"}],"author":[{"embeddable":true,"href":"https:\/\/muyferiado.com.ar\/index.php?rest_route=\/wp\/v2\/users\/2"}],"replies":[{"embeddable":true,"href":"https:\/\/muyferiado.com.ar\/index.php?rest_route=%2Fwp%2Fv2%2Fcomments&post=903"}],"version-history":[{"count":1,"href":"https:\/\/muyferiado.com.ar\/index.php?rest_route=\/wp\/v2\/posts\/903\/revisions"}],"predecessor-version":[{"id":905,"href":"https:\/\/muyferiado.com.ar\/index.php?rest_route=\/wp\/v2\/posts\/903\/revisions\/905"}],"wp:featuredmedia":[{"embeddable":true,"href":"https:\/\/muyferiado.com.ar\/index.php?rest_route=\/wp\/v2\/media\/904"}],"wp:attachment":[{"href":"https:\/\/muyferiado.com.ar\/index.php?rest_route=%2Fwp%2Fv2%2Fmedia&parent=903"}],"wp:term":[{"taxonomy":"category","embeddable":true,"href":"https:\/\/muyferiado.com.ar\/index.php?rest_route=%2Fwp%2Fv2%2Fcategories&post=903"},{"taxonomy":"post_tag","embeddable":true,"href":"https:\/\/muyferiado.com.ar\/index.php?rest_route=%2Fwp%2Fv2%2Ftags&post=903"}],"curies":[{"name":"wp","href":"https:\/\/api.w.org\/{rel}","templated":true}]}}