{"id":893,"date":"2025-08-08T14:38:40","date_gmt":"2025-08-08T14:38:40","guid":{"rendered":"https:\/\/muyferiado.com.ar\/?p=893"},"modified":"2025-08-08T14:38:39","modified_gmt":"2025-08-08T14:38:39","slug":"argentina-y-francia-se-unen-para-impulsar-proyectos-artisticos","status":"publish","type":"post","link":"https:\/\/muyferiado.com.ar\/?p=893","title":{"rendered":"Argentina y Francia se unen para impulsar proyectos art\u00edsticos"},"content":{"rendered":"\n<p>El Institut fran\u00e7ais d\u2019Argentine, con el respaldo del Ministerio de Europa y Asuntos Exteriores de Francia y en colaboraci\u00f3n con la Fundaci\u00f3n Williams y la Fundaci\u00f3n Medif\u00e9, lanza una iniciativa clave para el sector cultural y creativo de Argentina. Se trata del programa <strong>\u00abOrillas Nuevas ~ Nouveaux Rivages\u00bb<\/strong>, una iniciativa dise\u00f1ada para fortalecer y fomentar lazos culturales entre ambos pa\u00edses.<\/p>\n\n\n\n<p>Dentro de este programa, se presenta el <strong>Fondo Enlace<\/strong>, un instrumento de apoyo econ\u00f3mico que busca potenciar proyectos art\u00edsticos y culturales argentinos que tengan un v\u00ednculo con Francia. El objetivo principal es impulsar la finalizaci\u00f3n, mejora, reposici\u00f3n y circulaci\u00f3n de estas iniciativas a nivel nacional e internacional.<\/p>\n\n\n\n<h3 class=\"wp-block-heading\">\u00bfA qui\u00e9nes est\u00e1 dirigida la convocatoria?<\/h3>\n\n\n\n<p>La convocatoria del Fondo Enlace est\u00e1 abierta a <strong>artistas, creadores, desarrolladores, emprendedores culturales y profesionales<\/strong> de diversas \u00e1reas:<\/p>\n\n\n\n<ul class=\"wp-block-list\">\n<li><strong>Artes esc\u00e9nicas:<\/strong> danza, performance, teatro, circo contempor\u00e1neo.<\/li>\n\n\n\n<li><strong>Audiovisuales:<\/strong> animaci\u00f3n y cine (con especial atenci\u00f3n a propuestas de <em>gap financing<\/em>).<\/li>\n\n\n\n<li><strong>Creaci\u00f3n inmersiva<\/strong>.<\/li>\n\n\n\n<li><strong>Dise\u00f1o, arquitectura y paisaje<\/strong>.<\/li>\n\n\n\n<li><strong>Sector editorial<\/strong>.<\/li>\n\n\n\n<li><strong>Videojuegos<\/strong>.<\/li>\n<\/ul>\n\n\n\n<p>Pueden postularse tanto individuos como grupos, empresas y organizaciones sin fines de lucro que residan en Argentina.<\/p>\n\n\n\n<h3 class=\"wp-block-heading\">Detalles del fondo<\/h3>\n\n\n\n<p>Se seleccionar\u00e1n hasta 25 proyectos, y cada uno recibir\u00e1 un subsidio de un monto m\u00e1ximo de \u20ac5.000. El financiamiento ser\u00e1 aportado en un 60% por el Institut fran\u00e7ais d\u2019Argentine y en un 40% por la Fundaci\u00f3n Williams.<\/p>\n\n\n\n<p>Los proyectos elegidos deber\u00e1n tener su finalizaci\u00f3n entre noviembre de 2025 y julio de 2026. La convocatoria estar\u00e1 abierta <strong>hasta el 26 de agosto de 2025<\/strong>. Para m\u00e1s informaci\u00f3n sobre las bases y condiciones est\u00e1 disponible el sitio oficial del programa: <strong><a href=\"https:\/\/orillasnuevas.org\/\" target=\"_blank\" rel=\"noopener\" title=\"\">orillasnuevas.org<\/a><\/strong>.<\/p>\n\n\n\n<p><\/p>\n","protected":false},"excerpt":{"rendered":"<p>El Institut fran\u00e7ais d\u2019Argentine, con el respaldo del Ministerio de Europa y Asuntos Exteriores de<\/p>\n","protected":false},"author":2,"featured_media":900,"comment_status":"open","ping_status":"open","sticky":false,"template":"","format":"standard","meta":{"footnotes":""},"categories":[28,42],"tags":[],"class_list":["post-893","post","type-post","status-publish","format-standard","has-post-thumbnail","hentry","category-culturas","category-internacional"],"aioseo_notices":[],"featured_image_urls":{"full":["https:\/\/muyferiado.com.ar\/wp-content\/uploads\/2025\/08\/Fondo-enlace2025.png",1090,654,false],"thumbnail":["https:\/\/muyferiado.com.ar\/wp-content\/uploads\/2025\/08\/Fondo-enlace2025-150x150.png",150,150,true],"medium":["https:\/\/muyferiado.com.ar\/wp-content\/uploads\/2025\/08\/Fondo-enlace2025-300x180.png",300,180,true],"medium_large":["https:\/\/muyferiado.com.ar\/wp-content\/uploads\/2025\/08\/Fondo-enlace2025-768x461.png",640,384,true],"large":["https:\/\/muyferiado.com.ar\/wp-content\/uploads\/2025\/08\/Fondo-enlace2025-1024x614.png",640,384,true],"1536x1536":["https:\/\/muyferiado.com.ar\/wp-content\/uploads\/2025\/08\/Fondo-enlace2025.png",1090,654,false],"2048x2048":["https:\/\/muyferiado.com.ar\/wp-content\/uploads\/2025\/08\/Fondo-enlace2025.png",1090,654,false],"elegant-magazine-featured":["https:\/\/muyferiado.com.ar\/wp-content\/uploads\/2025\/08\/Fondo-enlace2025-1024x614.png",1024,614,true],"elegant-magazine-medium":["https:\/\/muyferiado.com.ar\/wp-content\/uploads\/2025\/08\/Fondo-enlace2025-720x380.png",720,380,true],"elegant-magazine-medium-small":["https:\/\/muyferiado.com.ar\/wp-content\/uploads\/2025\/08\/Fondo-enlace2025-300x200.png",300,200,true],"elegant-magazine-thumbnail-small":["https:\/\/muyferiado.com.ar\/wp-content\/uploads\/2025\/08\/Fondo-enlace2025-50x50.png",50,50,true]},"author_info":{"display_name":"Muy Feriado","author_link":"https:\/\/muyferiado.com.ar\/?author=2"},"category_info":"<a href=\"https:\/\/muyferiado.com.ar\/?cat=28\" rel=\"category\">Culturas<\/a> <a href=\"https:\/\/muyferiado.com.ar\/?cat=42\" rel=\"category\">Internacional<\/a>","tag_info":"Internacional","comment_count":"0","_links":{"self":[{"href":"https:\/\/muyferiado.com.ar\/index.php?rest_route=\/wp\/v2\/posts\/893","targetHints":{"allow":["GET"]}}],"collection":[{"href":"https:\/\/muyferiado.com.ar\/index.php?rest_route=\/wp\/v2\/posts"}],"about":[{"href":"https:\/\/muyferiado.com.ar\/index.php?rest_route=\/wp\/v2\/types\/post"}],"author":[{"embeddable":true,"href":"https:\/\/muyferiado.com.ar\/index.php?rest_route=\/wp\/v2\/users\/2"}],"replies":[{"embeddable":true,"href":"https:\/\/muyferiado.com.ar\/index.php?rest_route=%2Fwp%2Fv2%2Fcomments&post=893"}],"version-history":[{"count":1,"href":"https:\/\/muyferiado.com.ar\/index.php?rest_route=\/wp\/v2\/posts\/893\/revisions"}],"predecessor-version":[{"id":895,"href":"https:\/\/muyferiado.com.ar\/index.php?rest_route=\/wp\/v2\/posts\/893\/revisions\/895"}],"wp:featuredmedia":[{"embeddable":true,"href":"https:\/\/muyferiado.com.ar\/index.php?rest_route=\/wp\/v2\/media\/900"}],"wp:attachment":[{"href":"https:\/\/muyferiado.com.ar\/index.php?rest_route=%2Fwp%2Fv2%2Fmedia&parent=893"}],"wp:term":[{"taxonomy":"category","embeddable":true,"href":"https:\/\/muyferiado.com.ar\/index.php?rest_route=%2Fwp%2Fv2%2Fcategories&post=893"},{"taxonomy":"post_tag","embeddable":true,"href":"https:\/\/muyferiado.com.ar\/index.php?rest_route=%2Fwp%2Fv2%2Ftags&post=893"}],"curies":[{"name":"wp","href":"https:\/\/api.w.org\/{rel}","templated":true}]}}