{"id":887,"date":"2025-07-14T18:07:44","date_gmt":"2025-07-14T18:07:44","guid":{"rendered":"https:\/\/muyferiado.com.ar\/?p=887"},"modified":"2025-07-17T18:22:54","modified_gmt":"2025-07-17T18:22:54","slug":"vacaciones-con-libros-llega-la-33-a-feria-del-libro-infantil-y-juvenil-a-buenos-aires","status":"publish","type":"post","link":"https:\/\/muyferiado.com.ar\/?p=887","title":{"rendered":"Vacaciones con libros: Llega la 33.\u00aa Feria del Libro Infantil y Juvenil"},"content":{"rendered":"\n<p>Uno de los eventos m\u00e1s esperados durante las vacaciones de invierno ya est\u00e1 cerca. Del <strong>mi\u00e9rcoles 16 de julio al domingo 3 de agosto<\/strong>, se celebra la <strong>33.\u00aa edici\u00f3n de la Feria del Libro Infantil y Juvenil<\/strong>, una propuesta organizada por la <strong>Fundaci\u00f3n El Libro<\/strong> que combina cultura, juegos y lecturas en un mismo espacio.<\/p>\n\n\n\n<p>La sede ser\u00e1 el edificio ubicado en <strong>Sarmiento 151, Ciudad de Buenos Aires<\/strong>, con <strong>entrada libre y gratuita<\/strong>. La feria es mucho m\u00e1s que un paseo entre libros: propone una experiencia enriquecedora que busca fomentar el v\u00ednculo temprano con la lectura en un entorno l\u00fadico, accesible y estimulante.<\/p>\n\n\n\n<h3 class=\"wp-block-heading\">Un recorrido para leer, jugar y descubrir<\/h3>\n\n\n\n<p>Distribuida en diferentes pisos del edificio, la feria cuenta con una variada programaci\u00f3n:<\/p>\n\n\n\n<ul class=\"wp-block-list\">\n<li>En <strong>planta baja<\/strong>, la <strong>Plaza seca<\/strong> re\u00fane los tradicionales stands de editoriales y librer\u00edas, ideales para descubrir nuevos t\u00edtulos o reencontrarse con cl\u00e1sicos.<\/li>\n\n\n\n<li>En el <strong>primer piso<\/strong>, chicos y chicas podr\u00e1n participar de <strong>talleres de ciencia y de arte<\/strong>, que estimulan la creatividad y el pensamiento cr\u00edtico desde edades tempranas.<\/li>\n\n\n\n<li>El <strong>Auditorio 511<\/strong> y la <strong>Terraza del Auditorio <\/strong>ser\u00e1n escenario de propuestas diarias que incluyen presentaciones, charlas y espect\u00e1culos para toda la familia.<\/li>\n\n\n\n<li>Adem\u00e1s, los espacios <strong>Cuentacuentos<\/strong> y <strong>Cuentacuentos II<\/strong>, ubicados en planta baja y cuarto piso, ofrecer\u00e1n <strong>narraciones, t\u00edteres, juegos, encuentros con autores y presentaciones de libros<\/strong>.<\/li>\n<\/ul>\n\n\n\n<p>Toda la programaci\u00f3n completa, incluyendo los talleres y actividades especiales, puede consultarse en el sitio oficial de la feria: <a href=\"https:\/\/www.el-libro.org.ar\/feria-infantil-y-juvenil\/programacion\/\" target=\"_blank\" rel=\"noopener\" title=\"\">www.el-libro.org.ar<\/a><\/p>\n\n\n\n<h3 class=\"wp-block-heading\">Horarios<\/h3>\n\n\n\n<ul class=\"wp-block-list\">\n<li><strong>Mi\u00e9rcoles 16 a viernes 18 de julio:<\/strong> de 9 a 20 h<\/li>\n\n\n\n<li><strong>S\u00e1bado 19 de julio a domingo 3 de agosto:<\/strong> de 14 a 20 h<\/li>\n<\/ul>\n\n\n\n<h3 class=\"wp-block-heading\">Inauguraci\u00f3n con una autora de lujo<\/h3>\n\n\n\n<p>El acto oficial de apertura se llevar\u00e1 a cabo el <strong>viernes 18 de julio a las 18 h<\/strong>, en el <strong>Sal\u00f3n de Honor del Palacio<\/strong>. Este a\u00f1o, tendr\u00e1 como protagonista a la reconocida escritora <strong>Mar\u00eda Teresa Andruetto<\/strong>, ganadora del Premio Hans Christian Andersen y figura clave de la literatura infantil y juvenil de habla hispana.<\/p>\n","protected":false},"excerpt":{"rendered":"<p>Uno de los eventos m\u00e1s esperados durante las vacaciones de invierno ya est\u00e1 cerca. Del<\/p>\n","protected":false},"author":2,"featured_media":889,"comment_status":"open","ping_status":"open","sticky":false,"template":"","format":"standard","meta":{"footnotes":""},"categories":[94,28,25],"tags":[111],"class_list":["post-887","post","type-post","status-publish","format-standard","has-post-thumbnail","hentry","category-actividades","category-culturas","category-eventos","tag-feria-del-libro-infantil-y-juvenil"],"aioseo_notices":[],"featured_image_urls":{"full":["https:\/\/muyferiado.com.ar\/wp-content\/uploads\/2025\/07\/FeriaDel-libro-infantil.jpg",1032,500,false],"thumbnail":["https:\/\/muyferiado.com.ar\/wp-content\/uploads\/2025\/07\/FeriaDel-libro-infantil-150x150.jpg",150,150,true],"medium":["https:\/\/muyferiado.com.ar\/wp-content\/uploads\/2025\/07\/FeriaDel-libro-infantil-300x145.jpg",300,145,true],"medium_large":["https:\/\/muyferiado.com.ar\/wp-content\/uploads\/2025\/07\/FeriaDel-libro-infantil-768x372.jpg",640,310,true],"large":["https:\/\/muyferiado.com.ar\/wp-content\/uploads\/2025\/07\/FeriaDel-libro-infantil-1024x496.jpg",640,310,true],"1536x1536":["https:\/\/muyferiado.com.ar\/wp-content\/uploads\/2025\/07\/FeriaDel-libro-infantil.jpg",1032,500,false],"2048x2048":["https:\/\/muyferiado.com.ar\/wp-content\/uploads\/2025\/07\/FeriaDel-libro-infantil.jpg",1032,500,false],"elegant-magazine-featured":["https:\/\/muyferiado.com.ar\/wp-content\/uploads\/2025\/07\/FeriaDel-libro-infantil-1024x496.jpg",1024,496,true],"elegant-magazine-medium":["https:\/\/muyferiado.com.ar\/wp-content\/uploads\/2025\/07\/FeriaDel-libro-infantil-720x380.jpg",720,380,true],"elegant-magazine-medium-small":["https:\/\/muyferiado.com.ar\/wp-content\/uploads\/2025\/07\/FeriaDel-libro-infantil-300x200.jpg",300,200,true],"elegant-magazine-thumbnail-small":["https:\/\/muyferiado.com.ar\/wp-content\/uploads\/2025\/07\/FeriaDel-libro-infantil-50x50.jpg",50,50,true]},"author_info":{"display_name":"Muy Feriado","author_link":"https:\/\/muyferiado.com.ar\/?author=2"},"category_info":"<a href=\"https:\/\/muyferiado.com.ar\/?cat=94\" rel=\"category\">Actividades<\/a> <a href=\"https:\/\/muyferiado.com.ar\/?cat=28\" rel=\"category\">Culturas<\/a> <a href=\"https:\/\/muyferiado.com.ar\/?cat=25\" rel=\"category\">Eventos<\/a>","tag_info":"Eventos","comment_count":"0","_links":{"self":[{"href":"https:\/\/muyferiado.com.ar\/index.php?rest_route=\/wp\/v2\/posts\/887","targetHints":{"allow":["GET"]}}],"collection":[{"href":"https:\/\/muyferiado.com.ar\/index.php?rest_route=\/wp\/v2\/posts"}],"about":[{"href":"https:\/\/muyferiado.com.ar\/index.php?rest_route=\/wp\/v2\/types\/post"}],"author":[{"embeddable":true,"href":"https:\/\/muyferiado.com.ar\/index.php?rest_route=\/wp\/v2\/users\/2"}],"replies":[{"embeddable":true,"href":"https:\/\/muyferiado.com.ar\/index.php?rest_route=%2Fwp%2Fv2%2Fcomments&post=887"}],"version-history":[{"count":2,"href":"https:\/\/muyferiado.com.ar\/index.php?rest_route=\/wp\/v2\/posts\/887\/revisions"}],"predecessor-version":[{"id":891,"href":"https:\/\/muyferiado.com.ar\/index.php?rest_route=\/wp\/v2\/posts\/887\/revisions\/891"}],"wp:featuredmedia":[{"embeddable":true,"href":"https:\/\/muyferiado.com.ar\/index.php?rest_route=\/wp\/v2\/media\/889"}],"wp:attachment":[{"href":"https:\/\/muyferiado.com.ar\/index.php?rest_route=%2Fwp%2Fv2%2Fmedia&parent=887"}],"wp:term":[{"taxonomy":"category","embeddable":true,"href":"https:\/\/muyferiado.com.ar\/index.php?rest_route=%2Fwp%2Fv2%2Fcategories&post=887"},{"taxonomy":"post_tag","embeddable":true,"href":"https:\/\/muyferiado.com.ar\/index.php?rest_route=%2Fwp%2Fv2%2Ftags&post=887"}],"curies":[{"name":"wp","href":"https:\/\/api.w.org\/{rel}","templated":true}]}}