{"id":879,"date":"2025-07-10T18:04:48","date_gmt":"2025-07-10T18:04:48","guid":{"rendered":"https:\/\/muyferiado.com.ar\/?p=879"},"modified":"2025-07-15T18:04:11","modified_gmt":"2025-07-15T18:04:11","slug":"ia-creatividad-y-utopias-digitales-ekaitz-cancela-en-buenos-aires","status":"publish","type":"post","link":"https:\/\/muyferiado.com.ar\/?p=879","title":{"rendered":"IA, creatividad y utop\u00edas digitales: Ekaitz Cancela estuvo en Buenos Aires"},"content":{"rendered":"\n<p>\u00bfC\u00f3mo ser\u00eda una sociedad en la que la inteligencia artificial contribuyera a reducir la desigualdad? \u00bfY si, en lugar de reemplazar al ser humano, las m\u00e1quinas colaboraran para liberar tiempo, fomentar la creatividad y construir un futuro m\u00e1s justo? Estas y otras preguntas plantea Ekaitz Cancela, periodista, editor de The Syllabus e investigador vasco, que visit\u00f3 Buenos Aires invitado por el Centro Cultural de Espa\u00f1a y la Fundaci\u00f3n Medif\u00e9, en el marco de una serie de encuentros sobre tecnolog\u00eda, cultura y sociedad.<\/p>\n\n\n\n<p>Entrevistado en Radio con Vos, sostuvo que \u00ab<em>la \u00fanica manera para hacer un uso racional de la inteligencia artificial es pensar m\u00e1s en c\u00f3mo puede ser puesta al servicio de esas instituciones sociales que nos hacen florecer como seres humanos, es decir, que aumentan nuestra creatividad<\/em>\u00ab.<\/p>\n\n\n\n<p>Con un pensamiento que cruza filosof\u00eda pol\u00edtica, econom\u00eda y cr\u00edtica cultural, Cancela trae conceptos que invitan a mirar la IA m\u00e1s all\u00e1 del boom corporativo o el temor dist\u00f3pico. \u00ab<em>La inteligencia artificial no es ni inteligente ni artificial. No es inteligente porque debe del trabajo de escritores, de periodistas, de locutores de radio, de literatos, de directores de cine. O sea, toda esa creatividad de la que en teor\u00eda hace gala Chat GPT es una extracci\u00f3n. Entonces, siempre hay un ser humano detr\u00e1s que entrena a esos modelos<\/em>\u00ab.\u00a0<\/p>\n\n\n\n<p>Lejos de los discursos que presentan la IA como una herramienta neutral, Cancela propone politizar la tecnolog\u00eda reconociendo que detr\u00e1s de cada algoritmo hay relaciones sociales, decisiones humanas y modelos de desarrollo en disputa.&nbsp;<\/p>\n\n\n\n<p>\u00ab<em>Los seres humanos siempre han utilizado las tecnolog\u00edas que han tenido de manera disponible y si una m\u00e1quina oprime o explota a un ser humano es porque hay una relaci\u00f3n social detr\u00e1s, porque hay unas relaciones de propiedad, le podemos decir, que oprimen. Es decir, es un ser humano el que oprime a otro ser humano mediante el uso de la tecnolog\u00eda. Pero mediante una configuraci\u00f3n de relaciones sociales distintas, tambi\u00e9n podr\u00eda haber una experiencia liberadora<\/em>\u00ab, asegur\u00f3.\u00a0<\/p>\n\n\n\n<p>Su visita, promovida por Fundaci\u00f3n Medif\u00e9 como parte de su apuesta por generar espacios de reflexi\u00f3n cr\u00edtica e intercambio de ideas, sirvi\u00f3 para tender puentes entre el pensamiento europeo y los desaf\u00edos latinoamericanos.<\/p>\n\n\n\n<p>Cancela, quien es uno de los referentes actuales&nbsp;en la cr\u00edtica a la tecnopol\u00edtica neoliberal, asegura que la tecnolog\u00eda no tiene que ser una amenaza. Puede ser, en cambio, una herramienta para empoderar a las personas, fortalecer las culturas populares y construir lo que \u00e9l llama \u201cutop\u00edas digitales\u201d, escenarios posibles donde lo colectivo y lo justo se conviertan en el centro.<\/p>\n\n\n\n<p><strong>Entrevista completa en Radio con Vos:&nbsp;<\/strong><a rel=\"noreferrer noopener\" target=\"_blank\" href=\"https:\/\/youtu.be\/iPkqO_IP4Pw?si=VEjytEessx12mtES\">https:\/\/youtu.be\/iPkqO_IP4Pw?si=VEjytEessx12mtES<\/a><\/p>\n\n\n\n<p><\/p>\n","protected":false},"excerpt":{"rendered":"<p>\u00bfC\u00f3mo ser\u00eda una sociedad en la que la inteligencia artificial contribuyera a reducir la desigualdad?<\/p>\n","protected":false},"author":2,"featured_media":880,"comment_status":"open","ping_status":"open","sticky":false,"template":"","format":"standard","meta":{"footnotes":""},"categories":[8,74],"tags":[92],"class_list":["post-879","post","type-post","status-publish","format-standard","has-post-thumbnail","hentry","category-destacado","category-tech","tag-inteligencia-artificial"],"aioseo_notices":[],"featured_image_urls":{"full":["https:\/\/muyferiado.com.ar\/wp-content\/uploads\/2025\/07\/Ekaitz-Cancela-scaled.jpg",2560,1707,false],"thumbnail":["https:\/\/muyferiado.com.ar\/wp-content\/uploads\/2025\/07\/Ekaitz-Cancela-150x150.jpg",150,150,true],"medium":["https:\/\/muyferiado.com.ar\/wp-content\/uploads\/2025\/07\/Ekaitz-Cancela-300x200.jpg",300,200,true],"medium_large":["https:\/\/muyferiado.com.ar\/wp-content\/uploads\/2025\/07\/Ekaitz-Cancela-768x512.jpg",640,427,true],"large":["https:\/\/muyferiado.com.ar\/wp-content\/uploads\/2025\/07\/Ekaitz-Cancela-1024x683.jpg",640,427,true],"1536x1536":["https:\/\/muyferiado.com.ar\/wp-content\/uploads\/2025\/07\/Ekaitz-Cancela-1536x1024.jpg",1536,1024,true],"2048x2048":["https:\/\/muyferiado.com.ar\/wp-content\/uploads\/2025\/07\/Ekaitz-Cancela-2048x1365.jpg",2048,1365,true],"elegant-magazine-featured":["https:\/\/muyferiado.com.ar\/wp-content\/uploads\/2025\/07\/Ekaitz-Cancela-1024x683.jpg",1024,683,true],"elegant-magazine-medium":["https:\/\/muyferiado.com.ar\/wp-content\/uploads\/2025\/07\/Ekaitz-Cancela-720x380.jpg",720,380,true],"elegant-magazine-medium-small":["https:\/\/muyferiado.com.ar\/wp-content\/uploads\/2025\/07\/Ekaitz-Cancela-300x200.jpg",300,200,true],"elegant-magazine-thumbnail-small":["https:\/\/muyferiado.com.ar\/wp-content\/uploads\/2025\/07\/Ekaitz-Cancela-50x50.jpg",50,50,true]},"author_info":{"display_name":"Muy Feriado","author_link":"https:\/\/muyferiado.com.ar\/?author=2"},"category_info":"<a href=\"https:\/\/muyferiado.com.ar\/?cat=8\" rel=\"category\">Destacado<\/a> <a href=\"https:\/\/muyferiado.com.ar\/?cat=74\" rel=\"category\">Tech<\/a>","tag_info":"Tech","comment_count":"0","_links":{"self":[{"href":"https:\/\/muyferiado.com.ar\/index.php?rest_route=\/wp\/v2\/posts\/879","targetHints":{"allow":["GET"]}}],"collection":[{"href":"https:\/\/muyferiado.com.ar\/index.php?rest_route=\/wp\/v2\/posts"}],"about":[{"href":"https:\/\/muyferiado.com.ar\/index.php?rest_route=\/wp\/v2\/types\/post"}],"author":[{"embeddable":true,"href":"https:\/\/muyferiado.com.ar\/index.php?rest_route=\/wp\/v2\/users\/2"}],"replies":[{"embeddable":true,"href":"https:\/\/muyferiado.com.ar\/index.php?rest_route=%2Fwp%2Fv2%2Fcomments&post=879"}],"version-history":[{"count":3,"href":"https:\/\/muyferiado.com.ar\/index.php?rest_route=\/wp\/v2\/posts\/879\/revisions"}],"predecessor-version":[{"id":886,"href":"https:\/\/muyferiado.com.ar\/index.php?rest_route=\/wp\/v2\/posts\/879\/revisions\/886"}],"wp:featuredmedia":[{"embeddable":true,"href":"https:\/\/muyferiado.com.ar\/index.php?rest_route=\/wp\/v2\/media\/880"}],"wp:attachment":[{"href":"https:\/\/muyferiado.com.ar\/index.php?rest_route=%2Fwp%2Fv2%2Fmedia&parent=879"}],"wp:term":[{"taxonomy":"category","embeddable":true,"href":"https:\/\/muyferiado.com.ar\/index.php?rest_route=%2Fwp%2Fv2%2Fcategories&post=879"},{"taxonomy":"post_tag","embeddable":true,"href":"https:\/\/muyferiado.com.ar\/index.php?rest_route=%2Fwp%2Fv2%2Ftags&post=879"}],"curies":[{"name":"wp","href":"https:\/\/api.w.org\/{rel}","templated":true}]}}