{"id":875,"date":"2025-02-19T11:47:20","date_gmt":"2025-02-19T11:47:20","guid":{"rendered":"https:\/\/muyferiado.com.ar\/?p=875"},"modified":"2025-02-19T11:46:58","modified_gmt":"2025-02-19T11:46:58","slug":"premio-fundacion-medife-filba-2025-convocatoria-abierta-para-novelas-argentinas","status":"publish","type":"post","link":"https:\/\/muyferiado.com.ar\/?p=875","title":{"rendered":"Premio Fundaci\u00f3n Medif\u00e9 Filba 2025: Convocatoria abierta para novelas argentinas"},"content":{"rendered":"\n<p>El prestigioso Premio Fundaci\u00f3n Medif\u00e9 Filba abre su convocatoria para el a\u00f1o 2025, invitando a editoriales y autores argentinos a postular sus mejores novelas publicadas durante el 2024. Este galard\u00f3n, que busca destacar y promover la literatura contempor\u00e1nea argentina, estar\u00e1 recibiendo postulaciones desde el 18 de febrero hasta el 7 de abril de 2025.<\/p>\n\n\n\n<p>El Premio Fundaci\u00f3n Medif\u00e9 Filba es una iniciativa conjunta de la Fundaci\u00f3n Medif\u00e9 y la Fundaci\u00f3n Filba, que tiene como objetivo reconocer y difundir la excelencia de la narrativa argentina actual. A trav\u00e9s de este premio, se busca no solo celebrar a los autores, sino tambi\u00e9n apoyar a las editoriales que apuestan por la literatura nacional.<\/p>\n\n\n\n<p>Este a\u00f1o, el jurado estar\u00e1 compuesto por tres destacadas figuras de la literatura argentina: Mar\u00eda Moreno, Alejandra Kamiya y Alan Pauls. Ellos ser\u00e1n los encargados de seleccionar las mejores obras, desde la \u00ablista larga\u00bb de diez t\u00edtulos, luego la \u00ablista corta\u00bb de cinco finalistas, hasta elegir la novela ganadora.<\/p>\n\n\n\n<p><strong>\u00bfQui\u00e9nes pueden participar y c\u00f3mo funciona el premio?<\/strong><\/p>\n\n\n\n<p>Podr\u00e1n postular al premio las primeras ediciones de novelas escritas originalmente en castellano de autores y autoras con nacionalidad argentina, publicadas por editoriales de cualquier lugar del mundo durante el 2024 que cumplan con las bases. \u00a0<\/p>\n\n\n\n<p>Fechas de postulaci\u00f3n: del\u00a0<strong>18 de febrero\u00a0<\/strong>al<strong>\u00a07 de abril\u00a0<\/strong>de 2025.<\/p>\n\n\n\n<p>Se deber\u00e1 completar el\u00a0<a href=\"https:\/\/www.fundacionmedife.com.ar\/Actividades\/PremioFMF25\">formulario de postulaci\u00f3n<\/a>\u00a0y entregar tres ejemplares de cada novela postulante, por una de las siguientes v\u00edas:<\/p>\n\n\n\n<ul class=\"wp-block-list\">\n<li>Direcci\u00f3n de entrega e-books o PDF:\u00a0<a href=\"mailto:premio@filba.org.ar\">premio@filba.org.ar<\/a><\/li>\n<\/ul>\n\n\n\n<ul class=\"wp-block-list\">\n<li>Direcci\u00f3n de entrega f\u00edsica o por correo certificado: Fundaci\u00f3n Medif\u00e9 &#8211;\u00a0Ayacucho 1945 (C\u00f3digo Postal 1112), Ciudad de Buenos Aires. De lunes a viernes (excepto feriados) de 9 a 18 horas.<\/li>\n<\/ul>\n\n\n\n<p>En julio se anunciar\u00e1 la \u00ablista larga\u00bb con diez novelas seleccionadas, en octubre se revelar\u00e1 la \u00ablista corta\u00bb con las cinco novelas finalistas, y en noviembre finalmente se anunciar\u00e1 la novela ganadora. La autora o autor de la novela ganadora recibir\u00e1 $5.000.000 (pesos argentinos).<\/p>\n\n\n\n<p><\/p>\n","protected":false},"excerpt":{"rendered":"<p>El prestigioso Premio Fundaci\u00f3n Medif\u00e9 Filba abre su convocatoria para el a\u00f1o 2025, invitando a<\/p>\n","protected":false},"author":2,"featured_media":876,"comment_status":"open","ping_status":"open","sticky":false,"template":"","format":"standard","meta":{"footnotes":""},"categories":[28],"tags":[110,109],"class_list":["post-875","post","type-post","status-publish","format-standard","has-post-thumbnail","hentry","category-culturas","tag-literatura-argentina","tag-premio-fundacion-medife-filba"],"aioseo_notices":[],"featured_image_urls":{"full":["https:\/\/muyferiado.com.ar\/wp-content\/uploads\/2025\/02\/Premio-Fundacion-Medife-Filba.jpg",1600,1600,false],"thumbnail":["https:\/\/muyferiado.com.ar\/wp-content\/uploads\/2025\/02\/Premio-Fundacion-Medife-Filba-150x150.jpg",150,150,true],"medium":["https:\/\/muyferiado.com.ar\/wp-content\/uploads\/2025\/02\/Premio-Fundacion-Medife-Filba-300x300.jpg",300,300,true],"medium_large":["https:\/\/muyferiado.com.ar\/wp-content\/uploads\/2025\/02\/Premio-Fundacion-Medife-Filba-768x768.jpg",640,640,true],"large":["https:\/\/muyferiado.com.ar\/wp-content\/uploads\/2025\/02\/Premio-Fundacion-Medife-Filba-1024x1024.jpg",640,640,true],"1536x1536":["https:\/\/muyferiado.com.ar\/wp-content\/uploads\/2025\/02\/Premio-Fundacion-Medife-Filba-1536x1536.jpg",1536,1536,true],"2048x2048":["https:\/\/muyferiado.com.ar\/wp-content\/uploads\/2025\/02\/Premio-Fundacion-Medife-Filba.jpg",1600,1600,false],"elegant-magazine-featured":["https:\/\/muyferiado.com.ar\/wp-content\/uploads\/2025\/02\/Premio-Fundacion-Medife-Filba-1024x1024.jpg",1024,1024,true],"elegant-magazine-medium":["https:\/\/muyferiado.com.ar\/wp-content\/uploads\/2025\/02\/Premio-Fundacion-Medife-Filba-720x380.jpg",720,380,true],"elegant-magazine-medium-small":["https:\/\/muyferiado.com.ar\/wp-content\/uploads\/2025\/02\/Premio-Fundacion-Medife-Filba-300x200.jpg",300,200,true],"elegant-magazine-thumbnail-small":["https:\/\/muyferiado.com.ar\/wp-content\/uploads\/2025\/02\/Premio-Fundacion-Medife-Filba-50x50.jpg",50,50,true]},"author_info":{"display_name":"Muy Feriado","author_link":"https:\/\/muyferiado.com.ar\/?author=2"},"category_info":"<a href=\"https:\/\/muyferiado.com.ar\/?cat=28\" rel=\"category\">Culturas<\/a>","tag_info":"Culturas","comment_count":"0","_links":{"self":[{"href":"https:\/\/muyferiado.com.ar\/index.php?rest_route=\/wp\/v2\/posts\/875","targetHints":{"allow":["GET"]}}],"collection":[{"href":"https:\/\/muyferiado.com.ar\/index.php?rest_route=\/wp\/v2\/posts"}],"about":[{"href":"https:\/\/muyferiado.com.ar\/index.php?rest_route=\/wp\/v2\/types\/post"}],"author":[{"embeddable":true,"href":"https:\/\/muyferiado.com.ar\/index.php?rest_route=\/wp\/v2\/users\/2"}],"replies":[{"embeddable":true,"href":"https:\/\/muyferiado.com.ar\/index.php?rest_route=%2Fwp%2Fv2%2Fcomments&post=875"}],"version-history":[{"count":1,"href":"https:\/\/muyferiado.com.ar\/index.php?rest_route=\/wp\/v2\/posts\/875\/revisions"}],"predecessor-version":[{"id":877,"href":"https:\/\/muyferiado.com.ar\/index.php?rest_route=\/wp\/v2\/posts\/875\/revisions\/877"}],"wp:featuredmedia":[{"embeddable":true,"href":"https:\/\/muyferiado.com.ar\/index.php?rest_route=\/wp\/v2\/media\/876"}],"wp:attachment":[{"href":"https:\/\/muyferiado.com.ar\/index.php?rest_route=%2Fwp%2Fv2%2Fmedia&parent=875"}],"wp:term":[{"taxonomy":"category","embeddable":true,"href":"https:\/\/muyferiado.com.ar\/index.php?rest_route=%2Fwp%2Fv2%2Fcategories&post=875"},{"taxonomy":"post_tag","embeddable":true,"href":"https:\/\/muyferiado.com.ar\/index.php?rest_route=%2Fwp%2Fv2%2Ftags&post=875"}],"curies":[{"name":"wp","href":"https:\/\/api.w.org\/{rel}","templated":true}]}}