{"id":863,"date":"2024-12-09T15:35:00","date_gmt":"2024-12-09T15:35:00","guid":{"rendered":"https:\/\/muyferiado.com.ar\/?p=863"},"modified":"2024-12-16T19:32:14","modified_gmt":"2024-12-16T19:32:14","slug":"cuidar-la-gran-trama-un-tejido-colectivo-que-abraza-a-los-comedores-barriales","status":"publish","type":"post","link":"https:\/\/muyferiado.com.ar\/?p=863","title":{"rendered":"\u00abCuidar la gran trama\u00bb: un tejido colectivo que abraza a los comedores barriales"},"content":{"rendered":"\n<p>En un gesto de solidaridad y reflexi\u00f3n, estudiantes del Seminario de Gesti\u00f3n Cultural del Centro Cultural Universitario Paco Urondo (CCUPU), dependiente de la Facultad de Filosof\u00eda y Letras de la UBA, junto al Colectivo de Tejedoras Entretejiendo, presentaron el proyecto \u00abCuidar la gran trama &#8211; Instalaci\u00f3n textil colectiva\u00bb. Esta iniciativa busca visibilizar y honrar el invaluable trabajo que realizan los comedores barriales y sus trabajadoras, en su mayor\u00eda mujeres, que d\u00eda a d\u00eda sostienen a las comunidades m\u00e1s vulnerables.<\/p>\n\n\n\n<p>\u00abNos convoca la situaci\u00f3n cr\u00edtica que est\u00e1n atravesando en este momento, los comedores barriales y trabajadores (mujeres en su gran mayor\u00eda) que d\u00eda a d\u00eda sostienen con enorme esfuerzo la larga lista de tareas que abarcan los cuidados de aquellas personas, que se encuentran en situaciones de vulnerabilidad\u00bb, expresaron las creadoras del proyecto.<\/p>\n\n\n\n<p>La instalaci\u00f3n textil se erige como una poderosa met\u00e1fora de la trama social, uniendo hilos que representan los lazos entre las personas. Desde su rol como artistas, gestores culturales y miembros de la universidad p\u00fablica, las realizadoras encontraron un paralelismo entre el cuidado del alimento compartido y la calidez y contenci\u00f3n que proporciona un tejido. \u00abLo m\u00e1s hermoso de hacer red es saber que ser\u00e1s sostenidx con el mismo amor que tu sostienes\u00bb, manifestaron.<\/p>\n\n\n\n<p>La obra invita a la reflexi\u00f3n sobre la importancia del trabajo comunitario y el apoyo mutuo. \u00abCuidar la gran trama\u00bb no es solo una instalaci\u00f3n art\u00edstica, sino un llamado a la acci\u00f3n y un reconocimiento a quienes tejen redes de contenci\u00f3n en los barrios.<\/p>\n\n\n\n<p>Se podr\u00e1 visitar hasta el 18 diciembre en el entrepiso del CCUPU (25 de Mayo 201, CABA), con entrada libre y gratuita.<\/p>\n\n\n\n<figure class=\"wp-block-image size-large\"><img fetchpriority=\"high\" decoding=\"async\" width=\"1024\" height=\"768\" src=\"https:\/\/muyferiado.com.ar\/wp-content\/uploads\/2024\/12\/cuidar-la-gran-trama-ccupu-1024x768.jpg\" alt=\"\" class=\"wp-image-865\" srcset=\"https:\/\/muyferiado.com.ar\/wp-content\/uploads\/2024\/12\/cuidar-la-gran-trama-ccupu-1024x768.jpg 1024w, https:\/\/muyferiado.com.ar\/wp-content\/uploads\/2024\/12\/cuidar-la-gran-trama-ccupu-300x225.jpg 300w, https:\/\/muyferiado.com.ar\/wp-content\/uploads\/2024\/12\/cuidar-la-gran-trama-ccupu-768x576.jpg 768w, https:\/\/muyferiado.com.ar\/wp-content\/uploads\/2024\/12\/cuidar-la-gran-trama-ccupu.jpg 1200w\" sizes=\"(max-width: 1024px) 100vw, 1024px\" \/><\/figure>\n","protected":false},"excerpt":{"rendered":"<p>En un gesto de solidaridad y reflexi\u00f3n, estudiantes del Seminario de Gesti\u00f3n Cultural del Centro<\/p>\n","protected":false},"author":2,"featured_media":864,"comment_status":"open","ping_status":"open","sticky":false,"template":"","format":"standard","meta":{"footnotes":""},"categories":[94],"tags":[107,108],"class_list":["post-863","post","type-post","status-publish","format-standard","has-post-thumbnail","hentry","category-actividades","tag-centro-cultural-universitario-paco-urondo","tag-colectivo-de-tejedoras-entretejiendo"],"aioseo_notices":[],"featured_image_urls":{"full":["https:\/\/muyferiado.com.ar\/wp-content\/uploads\/2024\/12\/cuidar-la-gran-trama-rotated.jpeg",1280,660,false],"thumbnail":["https:\/\/muyferiado.com.ar\/wp-content\/uploads\/2024\/12\/cuidar-la-gran-trama-150x150.jpeg",150,150,true],"medium":["https:\/\/muyferiado.com.ar\/wp-content\/uploads\/2024\/12\/cuidar-la-gran-trama-300x155.jpeg",300,155,true],"medium_large":["https:\/\/muyferiado.com.ar\/wp-content\/uploads\/2024\/12\/cuidar-la-gran-trama-768x396.jpeg",640,330,true],"large":["https:\/\/muyferiado.com.ar\/wp-content\/uploads\/2024\/12\/cuidar-la-gran-trama-1024x528.jpeg",640,330,true],"1536x1536":["https:\/\/muyferiado.com.ar\/wp-content\/uploads\/2024\/12\/cuidar-la-gran-trama-rotated.jpeg",1280,660,false],"2048x2048":["https:\/\/muyferiado.com.ar\/wp-content\/uploads\/2024\/12\/cuidar-la-gran-trama-rotated.jpeg",1280,660,false],"elegant-magazine-featured":["https:\/\/muyferiado.com.ar\/wp-content\/uploads\/2024\/12\/cuidar-la-gran-trama-1024x528.jpeg",1024,528,true],"elegant-magazine-medium":["https:\/\/muyferiado.com.ar\/wp-content\/uploads\/2024\/12\/cuidar-la-gran-trama-720x380.jpeg",720,380,true],"elegant-magazine-medium-small":["https:\/\/muyferiado.com.ar\/wp-content\/uploads\/2024\/12\/cuidar-la-gran-trama-300x200.jpeg",300,200,true],"elegant-magazine-thumbnail-small":["https:\/\/muyferiado.com.ar\/wp-content\/uploads\/2024\/12\/cuidar-la-gran-trama-50x50.jpeg",50,50,true]},"author_info":{"display_name":"Muy Feriado","author_link":"https:\/\/muyferiado.com.ar\/?author=2"},"category_info":"<a href=\"https:\/\/muyferiado.com.ar\/?cat=94\" rel=\"category\">Actividades<\/a>","tag_info":"Actividades","comment_count":"0","_links":{"self":[{"href":"https:\/\/muyferiado.com.ar\/index.php?rest_route=\/wp\/v2\/posts\/863","targetHints":{"allow":["GET"]}}],"collection":[{"href":"https:\/\/muyferiado.com.ar\/index.php?rest_route=\/wp\/v2\/posts"}],"about":[{"href":"https:\/\/muyferiado.com.ar\/index.php?rest_route=\/wp\/v2\/types\/post"}],"author":[{"embeddable":true,"href":"https:\/\/muyferiado.com.ar\/index.php?rest_route=\/wp\/v2\/users\/2"}],"replies":[{"embeddable":true,"href":"https:\/\/muyferiado.com.ar\/index.php?rest_route=%2Fwp%2Fv2%2Fcomments&post=863"}],"version-history":[{"count":3,"href":"https:\/\/muyferiado.com.ar\/index.php?rest_route=\/wp\/v2\/posts\/863\/revisions"}],"predecessor-version":[{"id":868,"href":"https:\/\/muyferiado.com.ar\/index.php?rest_route=\/wp\/v2\/posts\/863\/revisions\/868"}],"wp:featuredmedia":[{"embeddable":true,"href":"https:\/\/muyferiado.com.ar\/index.php?rest_route=\/wp\/v2\/media\/864"}],"wp:attachment":[{"href":"https:\/\/muyferiado.com.ar\/index.php?rest_route=%2Fwp%2Fv2%2Fmedia&parent=863"}],"wp:term":[{"taxonomy":"category","embeddable":true,"href":"https:\/\/muyferiado.com.ar\/index.php?rest_route=%2Fwp%2Fv2%2Fcategories&post=863"},{"taxonomy":"post_tag","embeddable":true,"href":"https:\/\/muyferiado.com.ar\/index.php?rest_route=%2Fwp%2Fv2%2Ftags&post=863"}],"curies":[{"name":"wp","href":"https:\/\/api.w.org\/{rel}","templated":true}]}}