{"id":858,"date":"2024-11-25T13:28:36","date_gmt":"2024-11-25T13:28:36","guid":{"rendered":"https:\/\/muyferiado.com.ar\/?p=858"},"modified":"2024-12-13T14:57:58","modified_gmt":"2024-12-13T14:57:58","slug":"chef-por-celebrity-una-fusion-de-sabores-y-pasiones-en-la-nueva-serie-de-flow","status":"publish","type":"post","link":"https:\/\/muyferiado.com.ar\/?p=858","title":{"rendered":"\u00abChef por Celebrity\u00bb: Una fusi\u00f3n de sabores y pasiones en la nueva serie de Flow"},"content":{"rendered":"\n<p>La escena gastron\u00f3mica argentina se fusiona con el mundo del espect\u00e1culo en \u00abChef por Celebrity\u00bb, la nueva serie original de Flow producida por <a href=\"https:\/\/www.timeout.com\/es\/buenos-aires\" title=\"\">Time Out Buenos Aires<\/a>. A partir del 28 de noviembre, reconocidos chefs y celebridades del pa\u00eds se reunir\u00e1n para compartir sus pasiones m\u00e1s all\u00e1 de los fogones y los escenarios.<\/p>\n\n\n\n<p>En cada uno de los siete episodios de esta producci\u00f3n, una dupla conformada por un chef y una celebridad conversar\u00e1 sobre diversos temas, desde sus platos favoritos hasta sus pel\u00edculas y canciones predilectas. \u00bfQu\u00e9 es lo que m\u00e1s disfruta comer Sebasti\u00e1n Wainraich? \u00bfCu\u00e1l es el g\u00e9nero cinematogr\u00e1fico favorito de Tuli Acosta? Estas y muchas otras preguntas encontrar\u00e1n respuesta en \u00abChef por Celebrity\u00bb.<\/p>\n\n\n\n<p>La serie propone un formato din\u00e1mico y entretenido, en el que los participantes comparten an\u00e9cdotas, recomendaciones y recetas. A trav\u00e9s de secciones como \u00abRuta de sabores\u00bb, \u00abPlatos estrella\u00bb, \u00abPantalla grande\u00bb y \u00abPlaylist personal\u00bb, se podr\u00e1 conocer a fondo a los artistas y descubrir nuevos rincones gastron\u00f3micos de la ciudad.<\/p>\n\n\n\n<p><strong>Un elenco de lujo<\/strong><\/p>\n\n\n\n<p>El elenco de \u00abChef por Celebrity\u00bb est\u00e1 compuesto por grandes figuras de la gastronom\u00eda y el espect\u00e1culo argentino. Entre ellos se encuentran Dami\u00e1n Betular, Donato de Santis, Germ\u00e1n Martitegui, Narda Lepes, Sebasti\u00e1n Wainraich, Julieta Cardinali, Tuli Acosta, Mariana Fabbiani y muchos m\u00e1s.<\/p>\n\n\n\n<figure class=\"wp-block-image size-large\"><img fetchpriority=\"high\" decoding=\"async\" width=\"1024\" height=\"683\" src=\"https:\/\/muyferiado.com.ar\/wp-content\/uploads\/2024\/12\/Chef-por-Celebrity-2-1024x683.jpg\" alt=\"\" class=\"wp-image-860\" srcset=\"https:\/\/muyferiado.com.ar\/wp-content\/uploads\/2024\/12\/Chef-por-Celebrity-2-1024x683.jpg 1024w, https:\/\/muyferiado.com.ar\/wp-content\/uploads\/2024\/12\/Chef-por-Celebrity-2-300x200.jpg 300w, https:\/\/muyferiado.com.ar\/wp-content\/uploads\/2024\/12\/Chef-por-Celebrity-2-768x512.jpg 768w, https:\/\/muyferiado.com.ar\/wp-content\/uploads\/2024\/12\/Chef-por-Celebrity-2-1536x1024.jpg 1536w, https:\/\/muyferiado.com.ar\/wp-content\/uploads\/2024\/12\/Chef-por-Celebrity-2-2048x1365.jpg 2048w\" sizes=\"(max-width: 1024px) 100vw, 1024px\" \/><\/figure>\n\n\n\n<p>(Prensa Flow- Time Out)<\/p>\n","protected":false},"excerpt":{"rendered":"<p>Comienza una innovadora propuesta que combina gastronom\u00eda y entretenimiento.<\/p>\n","protected":false},"author":2,"featured_media":859,"comment_status":"open","ping_status":"open","sticky":false,"template":"","format":"standard","meta":{"footnotes":""},"categories":[1],"tags":[104,105,106],"class_list":["post-858","post","type-post","status-publish","format-standard","has-post-thumbnail","hentry","category-uncategorized","tag-chef-por-celebrity","tag-flow","tag-time-out-buenos-aires"],"aioseo_notices":[],"featured_image_urls":{"full":["https:\/\/muyferiado.com.ar\/wp-content\/uploads\/2024\/12\/Chef-por-Celebrity.jpg",1920,1080,false],"thumbnail":["https:\/\/muyferiado.com.ar\/wp-content\/uploads\/2024\/12\/Chef-por-Celebrity-150x150.jpg",150,150,true],"medium":["https:\/\/muyferiado.com.ar\/wp-content\/uploads\/2024\/12\/Chef-por-Celebrity-300x169.jpg",300,169,true],"medium_large":["https:\/\/muyferiado.com.ar\/wp-content\/uploads\/2024\/12\/Chef-por-Celebrity-768x432.jpg",640,360,true],"large":["https:\/\/muyferiado.com.ar\/wp-content\/uploads\/2024\/12\/Chef-por-Celebrity-1024x576.jpg",640,360,true],"1536x1536":["https:\/\/muyferiado.com.ar\/wp-content\/uploads\/2024\/12\/Chef-por-Celebrity-1536x864.jpg",1536,864,true],"2048x2048":["https:\/\/muyferiado.com.ar\/wp-content\/uploads\/2024\/12\/Chef-por-Celebrity.jpg",1920,1080,false],"elegant-magazine-featured":["https:\/\/muyferiado.com.ar\/wp-content\/uploads\/2024\/12\/Chef-por-Celebrity-1024x576.jpg",1024,576,true],"elegant-magazine-medium":["https:\/\/muyferiado.com.ar\/wp-content\/uploads\/2024\/12\/Chef-por-Celebrity-720x380.jpg",720,380,true],"elegant-magazine-medium-small":["https:\/\/muyferiado.com.ar\/wp-content\/uploads\/2024\/12\/Chef-por-Celebrity-300x200.jpg",300,200,true],"elegant-magazine-thumbnail-small":["https:\/\/muyferiado.com.ar\/wp-content\/uploads\/2024\/12\/Chef-por-Celebrity-50x50.jpg",50,50,true]},"author_info":{"display_name":"Muy Feriado","author_link":"https:\/\/muyferiado.com.ar\/?author=2"},"category_info":"<a href=\"https:\/\/muyferiado.com.ar\/?cat=1\" rel=\"category\">Uncategorized<\/a>","tag_info":"Uncategorized","comment_count":"0","_links":{"self":[{"href":"https:\/\/muyferiado.com.ar\/index.php?rest_route=\/wp\/v2\/posts\/858","targetHints":{"allow":["GET"]}}],"collection":[{"href":"https:\/\/muyferiado.com.ar\/index.php?rest_route=\/wp\/v2\/posts"}],"about":[{"href":"https:\/\/muyferiado.com.ar\/index.php?rest_route=\/wp\/v2\/types\/post"}],"author":[{"embeddable":true,"href":"https:\/\/muyferiado.com.ar\/index.php?rest_route=\/wp\/v2\/users\/2"}],"replies":[{"embeddable":true,"href":"https:\/\/muyferiado.com.ar\/index.php?rest_route=%2Fwp%2Fv2%2Fcomments&post=858"}],"version-history":[{"count":1,"href":"https:\/\/muyferiado.com.ar\/index.php?rest_route=\/wp\/v2\/posts\/858\/revisions"}],"predecessor-version":[{"id":861,"href":"https:\/\/muyferiado.com.ar\/index.php?rest_route=\/wp\/v2\/posts\/858\/revisions\/861"}],"wp:featuredmedia":[{"embeddable":true,"href":"https:\/\/muyferiado.com.ar\/index.php?rest_route=\/wp\/v2\/media\/859"}],"wp:attachment":[{"href":"https:\/\/muyferiado.com.ar\/index.php?rest_route=%2Fwp%2Fv2%2Fmedia&parent=858"}],"wp:term":[{"taxonomy":"category","embeddable":true,"href":"https:\/\/muyferiado.com.ar\/index.php?rest_route=%2Fwp%2Fv2%2Fcategories&post=858"},{"taxonomy":"post_tag","embeddable":true,"href":"https:\/\/muyferiado.com.ar\/index.php?rest_route=%2Fwp%2Fv2%2Ftags&post=858"}],"curies":[{"name":"wp","href":"https:\/\/api.w.org\/{rel}","templated":true}]}}