{"id":832,"date":"2024-10-24T13:57:06","date_gmt":"2024-10-24T13:57:06","guid":{"rendered":"https:\/\/muyferiado.com.ar\/?p=832"},"modified":"2024-10-24T13:57:07","modified_gmt":"2024-10-24T13:57:07","slug":"buenos-aires-celebra-la-semana-del-patrimonio-una-invitacion-a-descubrir-la-ciudad","status":"publish","type":"post","link":"https:\/\/muyferiado.com.ar\/?p=832","title":{"rendered":"Buenos Aires celebra la Semana del Patrimonio: una invitaci\u00f3n a explorar la ciudad"},"content":{"rendered":"\n<p><br><br>Del 10 al 16 de noviembre 2024, se llevar\u00e1 a cabo la primera edici\u00f3n de la Semana del Patrimonio, una iniciativa que busca acercar y hacer m\u00e1s visibles los tesoros culturales que conforman la identidad local.<\/p>\n\n\n\n<p>Conferencias, talleres, visitas guiadas, recorridos especiales para ni\u00f1os y adultos, la agenda es variada y promete satisfacer todos los intereses. La propuesta incluye la exploraci\u00f3n de edificios patrimoniales, sitios arqueol\u00f3gicos, museos y espacios p\u00fablicos.<\/p>\n\n\n\n<p>La iniciativa organizada por el Ministerio de Cultura porte\u00f1o se enmarca en la Ley 1227, que establece la importancia de preservar y difundir el patrimonio cultural de la ciudad. <\/p>\n\n\n\n<p><strong>\u00bfPor qu\u00e9 es importante la Semana del Patrimonio?<\/strong><\/p>\n\n\n\n<p>Esta semana especial tiene como objetivo:<\/p>\n\n\n\n<ul class=\"wp-block-list\">\n<li><strong>Concientizar:<\/strong> Sobre la importancia de cuidar el patrimonio y transmitirlo a las futuras generaciones.<\/li>\n\n\n\n<li><strong>Promover:<\/strong> El acceso a bienes culturales materiales e inmateriales, desde la arquitectura hasta las tradiciones porte\u00f1as.<\/li>\n\n\n\n<li><strong>Valorizar:<\/strong> La diversidad cultural que enriquece la ciudad.<\/li>\n<\/ul>\n\n\n\n<p>La Semana del Patrimonio es una oportunidad \u00fanica para descubrir rincones desconocidos de Buenos Aires, conocer su historia y disfrutar de actividades culturales para todas las edades.<\/p>\n\n\n\n<figure class=\"wp-block-image size-large\"><img fetchpriority=\"high\" decoding=\"async\" width=\"1024\" height=\"692\" src=\"https:\/\/muyferiado.com.ar\/wp-content\/uploads\/2024\/10\/Casa-del-Historiador-CABA-1024x692.png\" alt=\"\" class=\"wp-image-837\" srcset=\"https:\/\/muyferiado.com.ar\/wp-content\/uploads\/2024\/10\/Casa-del-Historiador-CABA-1024x692.png 1024w, https:\/\/muyferiado.com.ar\/wp-content\/uploads\/2024\/10\/Casa-del-Historiador-CABA-300x203.png 300w, https:\/\/muyferiado.com.ar\/wp-content\/uploads\/2024\/10\/Casa-del-Historiador-CABA-768x519.png 768w, https:\/\/muyferiado.com.ar\/wp-content\/uploads\/2024\/10\/Casa-del-Historiador-CABA.png 1075w\" sizes=\"(max-width: 1024px) 100vw, 1024px\" \/><\/figure>\n\n\n\n<p>Casa del Historiador (Prensa BA)<\/p>\n","protected":false},"excerpt":{"rendered":"<p>La Ciudad Aut\u00f3noma de Buenos Aires se prepara para sumergirnos en su rica historia y cultura. <\/p>\n","protected":false},"author":2,"featured_media":833,"comment_status":"open","ping_status":"open","sticky":false,"template":"","format":"standard","meta":{"footnotes":""},"categories":[94],"tags":[],"class_list":["post-832","post","type-post","status-publish","format-standard","has-post-thumbnail","hentry","category-actividades"],"aioseo_notices":[],"featured_image_urls":{"full":["https:\/\/muyferiado.com.ar\/wp-content\/uploads\/2024\/10\/Mirador-Torre-Monumental-CABA-scaled.jpg",2560,1707,false],"thumbnail":["https:\/\/muyferiado.com.ar\/wp-content\/uploads\/2024\/10\/Mirador-Torre-Monumental-CABA-150x150.jpg",150,150,true],"medium":["https:\/\/muyferiado.com.ar\/wp-content\/uploads\/2024\/10\/Mirador-Torre-Monumental-CABA-300x200.jpg",300,200,true],"medium_large":["https:\/\/muyferiado.com.ar\/wp-content\/uploads\/2024\/10\/Mirador-Torre-Monumental-CABA-768x512.jpg",640,427,true],"large":["https:\/\/muyferiado.com.ar\/wp-content\/uploads\/2024\/10\/Mirador-Torre-Monumental-CABA-1024x683.jpg",640,427,true],"1536x1536":["https:\/\/muyferiado.com.ar\/wp-content\/uploads\/2024\/10\/Mirador-Torre-Monumental-CABA-1536x1024.jpg",1536,1024,true],"2048x2048":["https:\/\/muyferiado.com.ar\/wp-content\/uploads\/2024\/10\/Mirador-Torre-Monumental-CABA-2048x1365.jpg",2048,1365,true],"elegant-magazine-featured":["https:\/\/muyferiado.com.ar\/wp-content\/uploads\/2024\/10\/Mirador-Torre-Monumental-CABA-1024x683.jpg",1024,683,true],"elegant-magazine-medium":["https:\/\/muyferiado.com.ar\/wp-content\/uploads\/2024\/10\/Mirador-Torre-Monumental-CABA-720x380.jpg",720,380,true],"elegant-magazine-medium-small":["https:\/\/muyferiado.com.ar\/wp-content\/uploads\/2024\/10\/Mirador-Torre-Monumental-CABA-300x200.jpg",300,200,true],"elegant-magazine-thumbnail-small":["https:\/\/muyferiado.com.ar\/wp-content\/uploads\/2024\/10\/Mirador-Torre-Monumental-CABA-50x50.jpg",50,50,true]},"author_info":{"display_name":"Muy Feriado","author_link":"https:\/\/muyferiado.com.ar\/?author=2"},"category_info":"<a href=\"https:\/\/muyferiado.com.ar\/?cat=94\" rel=\"category\">Actividades<\/a>","tag_info":"Actividades","comment_count":"0","_links":{"self":[{"href":"https:\/\/muyferiado.com.ar\/index.php?rest_route=\/wp\/v2\/posts\/832","targetHints":{"allow":["GET"]}}],"collection":[{"href":"https:\/\/muyferiado.com.ar\/index.php?rest_route=\/wp\/v2\/posts"}],"about":[{"href":"https:\/\/muyferiado.com.ar\/index.php?rest_route=\/wp\/v2\/types\/post"}],"author":[{"embeddable":true,"href":"https:\/\/muyferiado.com.ar\/index.php?rest_route=\/wp\/v2\/users\/2"}],"replies":[{"embeddable":true,"href":"https:\/\/muyferiado.com.ar\/index.php?rest_route=%2Fwp%2Fv2%2Fcomments&post=832"}],"version-history":[{"count":7,"href":"https:\/\/muyferiado.com.ar\/index.php?rest_route=\/wp\/v2\/posts\/832\/revisions"}],"predecessor-version":[{"id":836,"href":"https:\/\/muyferiado.com.ar\/index.php?rest_route=\/wp\/v2\/posts\/832\/revisions\/836"}],"wp:featuredmedia":[{"embeddable":true,"href":"https:\/\/muyferiado.com.ar\/index.php?rest_route=\/wp\/v2\/media\/833"}],"wp:attachment":[{"href":"https:\/\/muyferiado.com.ar\/index.php?rest_route=%2Fwp%2Fv2%2Fmedia&parent=832"}],"wp:term":[{"taxonomy":"category","embeddable":true,"href":"https:\/\/muyferiado.com.ar\/index.php?rest_route=%2Fwp%2Fv2%2Fcategories&post=832"},{"taxonomy":"post_tag","embeddable":true,"href":"https:\/\/muyferiado.com.ar\/index.php?rest_route=%2Fwp%2Fv2%2Ftags&post=832"}],"curies":[{"name":"wp","href":"https:\/\/api.w.org\/{rel}","templated":true}]}}