{"id":827,"date":"2024-10-21T22:45:33","date_gmt":"2024-10-21T22:45:33","guid":{"rendered":"https:\/\/muyferiado.com.ar\/?p=827"},"modified":"2024-10-21T22:45:23","modified_gmt":"2024-10-21T22:45:23","slug":"lola-lopez-mondejar-y-la-crisis-de-la-narrativa-en-la-era-digital","status":"publish","type":"post","link":"https:\/\/muyferiado.com.ar\/?p=827","title":{"rendered":"Lola L\u00f3pez Mond\u00e9jar y la crisis de la narrativa en la era digital"},"content":{"rendered":"\n<h3 class=\"wp-block-heading\"><\/h3>\n\n\n\n<p>En un mundo inundado de informaci\u00f3n instant\u00e1nea y est\u00edmulos constantes, \u00bfsomos capaces de contar nuestras propias historias? Esta es la inquietante pregunta que plantea Lola L\u00f3pez Mond\u00e9jar en <em>Sin relato<\/em>, obra con la que acaba de alzarse con el <strong>52\u00ba Premio Anagrama de Ensayo<\/strong>. Un galard\u00f3n que reconoce una investigaci\u00f3n profunda y l\u00facida sobre la crisis de la subjetividad en la era digital.<\/p>\n\n\n\n<p>El jurado estuvo compuesto por Jordi Gracia, Pau Luque, Daniel Rico, Remedios Zafra y las editoras Silvia Ses\u00e9 e Isabel Obiols.<br><br>\u00abUna obra sobre la complejidad de un mundo que anima a hablar de uno mismo todo el rato y que paralelamente boicotea la l\u00f3gica narrativa y creativa que requiere todo sujeto para construirse como tal y para escuchar, quiz\u00e1 comprender mejor, a los otros\u00bb, dijo Remedios Zafra.<\/p>\n\n\n\n<p><strong>\u00bfQu\u00e9 significa perder la capacidad de narrar?<\/strong><\/p>\n\n\n\n<p>Para L\u00f3pez Mond\u00e9jar, la narrativa no es solo un acto de comunicaci\u00f3n, sino una herramienta fundamental para construir nuestra identidad. Al perder la capacidad de contar nuestras historias, perdemos tambi\u00e9n la capacidad de darnos sentido a nosotros mismos y a nuestras experiencias. Esta atrofia narrativa, seg\u00fan la autora, est\u00e1 estrechamente ligada a la fragmentaci\u00f3n del pensamiento y la imposibilidad de establecer conexiones significativas entre los diferentes aspectos de nuestra vida.<\/p>\n\n\n\n<p>En <em>Sin relato<\/em>, L\u00f3pez Mond\u00e9jar traza una cartograf\u00eda de esta crisis, analizando c\u00f3mo los nuevos fen\u00f3menos culturales, como las redes sociales y la cultura de la inmediatez, han contribuido a erosionar nuestra capacidad de elaborar relatos coherentes y complejos. La autora sostiene que esta p\u00e9rdida de la narrativa no solo afecta a nuestra vida individual, sino que tiene profundas implicaciones sociales y pol\u00edticas.<\/p>\n\n\n\n<p><strong>Un ensayo imprescindible para comprender nuestro tiempo<\/strong><\/p>\n\n\n\n<p>La obra de L\u00f3pez Mond\u00e9jar es un llamado a la reflexi\u00f3n sobre el estado actual de nuestra cultura y nuestra sociedad. Al analizar la crisis de la narrativa, la autora nos invita a cuestionar los modelos de subjetividad que nos han sido impuestos y a buscar nuevas formas de construir sentido en un mundo cada vez m\u00e1s fragmentado y complejo.<\/p>\n\n\n\n<p><em>Sin relato<\/em> es un ensayo riguroso y accesible a la vez, que combina el an\u00e1lisis te\u00f3rico con ejemplos concretos y referencias culturales. Es una obra imprescindible para todos aquellos interesados en comprender los desaf\u00edos que enfrentamos en la era digital y en buscar nuevas formas de construir un futuro m\u00e1s humano y significativo.<\/p>\n\n\n\n<p><strong>Sobre la autora<\/strong><\/p>\n\n\n\n<p>Lola L\u00f3pez Mond\u00e9jar es psicoanalista y escritora espa\u00f1ola. Su trabajo se caracteriza por una profunda reflexi\u00f3n sobre los v\u00ednculos entre la psicolog\u00eda, la literatura y la sociedad. Adem\u00e1s de <em>Sin relato<\/em>, ha publicado numerosas obras de ficci\u00f3n y ensayos. Tambi\u00e9n escribe art\u00edculos para distintos medios.<\/p>\n\n\n\n<p><\/p>\n","protected":false},"excerpt":{"rendered":"<p>La psicoanalista y escritora se alza con el Premio Anagrama de Ensayo 2024 por su obra Sin relato. Un profundo an\u00e1lisis sobre la p\u00e9rdida de la capacidad de narrar como s\u00edntoma de nuestra \u00e9poca.<\/p>\n","protected":false},"author":2,"featured_media":828,"comment_status":"open","ping_status":"open","sticky":false,"template":"","format":"standard","meta":{"footnotes":""},"categories":[28],"tags":[99,100],"class_list":["post-827","post","type-post","status-publish","format-standard","has-post-thumbnail","hentry","category-culturas","tag-lola-lopez-mondejar","tag-premio-anagrama-de-ensayo"],"aioseo_notices":[],"featured_image_urls":{"full":["https:\/\/muyferiado.com.ar\/wp-content\/uploads\/2024\/10\/sin-relato-anagrama-scaled.jpeg",2560,1707,false],"thumbnail":["https:\/\/muyferiado.com.ar\/wp-content\/uploads\/2024\/10\/sin-relato-anagrama-150x150.jpeg",150,150,true],"medium":["https:\/\/muyferiado.com.ar\/wp-content\/uploads\/2024\/10\/sin-relato-anagrama-300x200.jpeg",300,200,true],"medium_large":["https:\/\/muyferiado.com.ar\/wp-content\/uploads\/2024\/10\/sin-relato-anagrama-768x512.jpeg",640,427,true],"large":["https:\/\/muyferiado.com.ar\/wp-content\/uploads\/2024\/10\/sin-relato-anagrama-1024x683.jpeg",640,427,true],"1536x1536":["https:\/\/muyferiado.com.ar\/wp-content\/uploads\/2024\/10\/sin-relato-anagrama-1536x1024.jpeg",1536,1024,true],"2048x2048":["https:\/\/muyferiado.com.ar\/wp-content\/uploads\/2024\/10\/sin-relato-anagrama-2048x1365.jpeg",2048,1365,true],"elegant-magazine-featured":["https:\/\/muyferiado.com.ar\/wp-content\/uploads\/2024\/10\/sin-relato-anagrama-1024x683.jpeg",1024,683,true],"elegant-magazine-medium":["https:\/\/muyferiado.com.ar\/wp-content\/uploads\/2024\/10\/sin-relato-anagrama-720x380.jpeg",720,380,true],"elegant-magazine-medium-small":["https:\/\/muyferiado.com.ar\/wp-content\/uploads\/2024\/10\/sin-relato-anagrama-300x200.jpeg",300,200,true],"elegant-magazine-thumbnail-small":["https:\/\/muyferiado.com.ar\/wp-content\/uploads\/2024\/10\/sin-relato-anagrama-50x50.jpeg",50,50,true]},"author_info":{"display_name":"Muy Feriado","author_link":"https:\/\/muyferiado.com.ar\/?author=2"},"category_info":"<a href=\"https:\/\/muyferiado.com.ar\/?cat=28\" rel=\"category\">Culturas<\/a>","tag_info":"Culturas","comment_count":"0","_links":{"self":[{"href":"https:\/\/muyferiado.com.ar\/index.php?rest_route=\/wp\/v2\/posts\/827","targetHints":{"allow":["GET"]}}],"collection":[{"href":"https:\/\/muyferiado.com.ar\/index.php?rest_route=\/wp\/v2\/posts"}],"about":[{"href":"https:\/\/muyferiado.com.ar\/index.php?rest_route=\/wp\/v2\/types\/post"}],"author":[{"embeddable":true,"href":"https:\/\/muyferiado.com.ar\/index.php?rest_route=\/wp\/v2\/users\/2"}],"replies":[{"embeddable":true,"href":"https:\/\/muyferiado.com.ar\/index.php?rest_route=%2Fwp%2Fv2%2Fcomments&post=827"}],"version-history":[{"count":3,"href":"https:\/\/muyferiado.com.ar\/index.php?rest_route=\/wp\/v2\/posts\/827\/revisions"}],"predecessor-version":[{"id":830,"href":"https:\/\/muyferiado.com.ar\/index.php?rest_route=\/wp\/v2\/posts\/827\/revisions\/830"}],"wp:featuredmedia":[{"embeddable":true,"href":"https:\/\/muyferiado.com.ar\/index.php?rest_route=\/wp\/v2\/media\/828"}],"wp:attachment":[{"href":"https:\/\/muyferiado.com.ar\/index.php?rest_route=%2Fwp%2Fv2%2Fmedia&parent=827"}],"wp:term":[{"taxonomy":"category","embeddable":true,"href":"https:\/\/muyferiado.com.ar\/index.php?rest_route=%2Fwp%2Fv2%2Fcategories&post=827"},{"taxonomy":"post_tag","embeddable":true,"href":"https:\/\/muyferiado.com.ar\/index.php?rest_route=%2Fwp%2Fv2%2Ftags&post=827"}],"curies":[{"name":"wp","href":"https:\/\/api.w.org\/{rel}","templated":true}]}}