{"id":815,"date":"2024-08-15T09:09:00","date_gmt":"2024-08-15T09:09:00","guid":{"rendered":"https:\/\/muyferiado.com.ar\/?p=815"},"modified":"2024-10-17T20:37:13","modified_gmt":"2024-10-17T20:37:13","slug":"renault-apuesta-a-la-electromovilidad-y-refuerza-su-compromiso-con-la-sustentabilidad","status":"publish","type":"post","link":"https:\/\/muyferiado.com.ar\/?p=815","title":{"rendered":"Renault apuesta a la electromovilidad y refuerza su compromiso con la sustentabilidad"},"content":{"rendered":"\n<h2 class=\"wp-block-heading\">Con la presentaci\u00f3n de su octavo Reporte de Sustentabilidad, Renault Argentina detalla los avances y desaf\u00edos de la compa\u00f1\u00eda en materia ambiental, social y de gobernanza durante el 2023.<\/h2>\n\n\n\n<p>El informe, elaborado bajo los est\u00e1ndares internacionales GRI y SASB, destaca la llegada al mercado argentino de la gama E-TECH 100% el\u00e9ctrica. Este lanzamiento representa un paso significativo en la estrategia de electrificaci\u00f3n de la marca y se alinea con las tendencias globales hacia una movilidad m\u00e1s sostenible.<\/p>\n\n\n\n<p>\u201cEn 2023, reforzamos nuestro compromiso con la gesti\u00f3n de negocio sustentable al alinear nuestra estrategia con los criterios ESG (ambientales, sociales y de gobernanza) y establecer metas para cada uno de estos pilares\u201d,&nbsp;destac\u00f3 Pablo Sibilla, presidente y director General de Renault Argentina.\u201cDesde el Grupo Renault tenemos la importante ambici\u00f3n de seguir liderando la vanguardia de la movilidad, acercando la tecnolog\u00eda a las personas para democratizar su acceso y fomentar la movilidad sostenible. Con la llegada de estos nuevos modelos 100% el\u00e9ctricos, iniciamos una nueva etapa de la movilidad en Argentina, donde Renault sin duda es y ser\u00e1 un protagonista central en nuestro pa\u00eds\u201d,&nbsp;agreg\u00f3 Sibilla.&nbsp;<\/p>\n\n\n\n<p>La sustentabilidad para Renault va m\u00e1s all\u00e1 de la electromovilidad. La compa\u00f1\u00eda implement\u00f3 diversas iniciativas para reducir su huella ambiental, como la optimizaci\u00f3n del consumo de agua y energ\u00eda en sus procesos productivos, as\u00ed como la gesti\u00f3n responsable de residuos.<\/p>\n\n\n\n<p>En el \u00e1mbito social, la marca puso el foco en la diversidad y la inclusi\u00f3n, promoviendo la equidad de g\u00e9nero y fomentando el desarrollo de sus colaboradores. Asimismo, la empresa fortaleci\u00f3 su relaci\u00f3n con los concesionarios, impulsando la adopci\u00f3n de pr\u00e1cticas sostenibles en toda la cadena de valor.<\/p>\n\n\n\n<p>La transici\u00f3n hacia una econom\u00eda circular y la reducci\u00f3n de la dependencia de los combustibles f\u00f3siles son metas ambiciosas que requieren de inversiones continuas y de la colaboraci\u00f3n de todos los actores involucrados.<\/p>\n\n\n\n<p>El Reporte de Sustentabilidad de Renault Argentina ofrece una visi\u00f3n de las acciones de la compa\u00f1\u00eda con resultados alentadores, fundamentales para enfrentar de manera proactiva los desaf\u00edos del futuro y consolidar su posici\u00f3n como referente en sustentabilidad en el sector automotriz.<\/p>\n\n\n\n<figure class=\"wp-block-image size-large\"><img fetchpriority=\"high\" decoding=\"async\" width=\"1024\" height=\"682\" src=\"https:\/\/muyferiado.com.ar\/wp-content\/uploads\/2024\/10\/empleo-renault-1024x682.jpg\" alt=\"\" class=\"wp-image-816\" srcset=\"https:\/\/muyferiado.com.ar\/wp-content\/uploads\/2024\/10\/empleo-renault-1024x682.jpg 1024w, https:\/\/muyferiado.com.ar\/wp-content\/uploads\/2024\/10\/empleo-renault-300x200.jpg 300w, https:\/\/muyferiado.com.ar\/wp-content\/uploads\/2024\/10\/empleo-renault-768x512.jpg 768w, https:\/\/muyferiado.com.ar\/wp-content\/uploads\/2024\/10\/empleo-renault.jpg 1280w\" sizes=\"(max-width: 1024px) 100vw, 1024px\" \/><\/figure>\n\n\n\n<p>Foto: Prensa Renault Argentina<\/p>\n\n\n\n<p><\/p>\n","protected":false},"excerpt":{"rendered":"<p>Con la presentaci\u00f3n de su octavo Reporte de Sustentabilidad, Renault Argentina detalla los avances y<\/p>\n","protected":false},"author":2,"featured_media":818,"comment_status":"open","ping_status":"open","sticky":false,"template":"","format":"standard","meta":{"footnotes":""},"categories":[95],"tags":[],"class_list":["post-815","post","type-post","status-publish","format-standard","has-post-thumbnail","hentry","category-sustentabilidad"],"aioseo_notices":[],"featured_image_urls":{"full":["https:\/\/muyferiado.com.ar\/wp-content\/uploads\/2024\/10\/Renault_RS23.jpg",1280,720,false],"thumbnail":["https:\/\/muyferiado.com.ar\/wp-content\/uploads\/2024\/10\/Renault_RS23-150x150.jpg",150,150,true],"medium":["https:\/\/muyferiado.com.ar\/wp-content\/uploads\/2024\/10\/Renault_RS23-300x169.jpg",300,169,true],"medium_large":["https:\/\/muyferiado.com.ar\/wp-content\/uploads\/2024\/10\/Renault_RS23-768x432.jpg",640,360,true],"large":["https:\/\/muyferiado.com.ar\/wp-content\/uploads\/2024\/10\/Renault_RS23-1024x576.jpg",640,360,true],"1536x1536":["https:\/\/muyferiado.com.ar\/wp-content\/uploads\/2024\/10\/Renault_RS23.jpg",1280,720,false],"2048x2048":["https:\/\/muyferiado.com.ar\/wp-content\/uploads\/2024\/10\/Renault_RS23.jpg",1280,720,false],"elegant-magazine-featured":["https:\/\/muyferiado.com.ar\/wp-content\/uploads\/2024\/10\/Renault_RS23-1024x576.jpg",1024,576,true],"elegant-magazine-medium":["https:\/\/muyferiado.com.ar\/wp-content\/uploads\/2024\/10\/Renault_RS23-720x380.jpg",720,380,true],"elegant-magazine-medium-small":["https:\/\/muyferiado.com.ar\/wp-content\/uploads\/2024\/10\/Renault_RS23-300x200.jpg",300,200,true],"elegant-magazine-thumbnail-small":["https:\/\/muyferiado.com.ar\/wp-content\/uploads\/2024\/10\/Renault_RS23-50x50.jpg",50,50,true]},"author_info":{"display_name":"Muy Feriado","author_link":"https:\/\/muyferiado.com.ar\/?author=2"},"category_info":"<a href=\"https:\/\/muyferiado.com.ar\/?cat=95\" rel=\"category\">Sustentabilidad<\/a>","tag_info":"Sustentabilidad","comment_count":"0","_links":{"self":[{"href":"https:\/\/muyferiado.com.ar\/index.php?rest_route=\/wp\/v2\/posts\/815","targetHints":{"allow":["GET"]}}],"collection":[{"href":"https:\/\/muyferiado.com.ar\/index.php?rest_route=\/wp\/v2\/posts"}],"about":[{"href":"https:\/\/muyferiado.com.ar\/index.php?rest_route=\/wp\/v2\/types\/post"}],"author":[{"embeddable":true,"href":"https:\/\/muyferiado.com.ar\/index.php?rest_route=\/wp\/v2\/users\/2"}],"replies":[{"embeddable":true,"href":"https:\/\/muyferiado.com.ar\/index.php?rest_route=%2Fwp%2Fv2%2Fcomments&post=815"}],"version-history":[{"count":7,"href":"https:\/\/muyferiado.com.ar\/index.php?rest_route=\/wp\/v2\/posts\/815\/revisions"}],"predecessor-version":[{"id":821,"href":"https:\/\/muyferiado.com.ar\/index.php?rest_route=\/wp\/v2\/posts\/815\/revisions\/821"}],"wp:featuredmedia":[{"embeddable":true,"href":"https:\/\/muyferiado.com.ar\/index.php?rest_route=\/wp\/v2\/media\/818"}],"wp:attachment":[{"href":"https:\/\/muyferiado.com.ar\/index.php?rest_route=%2Fwp%2Fv2%2Fmedia&parent=815"}],"wp:term":[{"taxonomy":"category","embeddable":true,"href":"https:\/\/muyferiado.com.ar\/index.php?rest_route=%2Fwp%2Fv2%2Fcategories&post=815"},{"taxonomy":"post_tag","embeddable":true,"href":"https:\/\/muyferiado.com.ar\/index.php?rest_route=%2Fwp%2Fv2%2Ftags&post=815"}],"curies":[{"name":"wp","href":"https:\/\/api.w.org\/{rel}","templated":true}]}}