{"id":803,"date":"2024-09-02T22:55:40","date_gmt":"2024-09-02T22:55:40","guid":{"rendered":"https:\/\/muyferiado.com.ar\/?p=803"},"modified":"2024-09-02T22:55:17","modified_gmt":"2024-09-02T22:55:17","slug":"filba-2024-el-silencio-como-protagonista-en-una-fiesta-de-palabras","status":"publish","type":"post","link":"https:\/\/muyferiado.com.ar\/?p=803","title":{"rendered":"Filba 2024: El silencio como protagonista en una fiesta de palabras"},"content":{"rendered":"\n<p><strong>Buenos Aires se prepara para sumergirse en un universo de letras y reflexiones durante el 16\u00b0 Festival Internacional de Literatura Filba.<\/strong> Del 26 al 29 de septiembre, la ciudad se convertir\u00e1 en un epicentro cultural donde escritores de renombre internacional y voces emergentes locales se dar\u00e1n cita para explorar los l\u00edmites del lenguaje y la potencia del silencio.<\/p>\n\n\n\n<p><strong>El silencio como hilo conductor.<\/strong> En esta edici\u00f3n, Filba propone una profunda inmersi\u00f3n en el poder del silencio. Como un lienzo en blanco, el silencio se convierte en el protagonista que subyace en cada palabra escrita y pronunciada. Los organizadores invitan al p\u00fablico a escuchar la poes\u00eda que se esconde en la ausencia de sonido, a sentir el peso de las palabras que buscan llenar ese vac\u00edo.<\/p>\n\n\n\n<p><strong>Un encuentro entre lectores y escritores.<\/strong> Durante cuatro d\u00edas, los asistentes podr\u00e1n disfrutar de una amplia variedad de actividades gratuitas: desde entrevistas y di\u00e1logos con autores hasta talleres de escritura, recitales po\u00e9ticos y performances. La feria del libro, en colaboraci\u00f3n con Eterna Cadencia, ofrecer\u00e1 una selecci\u00f3n de t\u00edtulos de los autores presentes, brindando la oportunidad de adquirir ejemplares firmados. Adem\u00e1s, la Biblioteca Abierta ser\u00e1 un espacio de intercambio y pr\u00e9stamo de libros, fomentando la lectura y la comunidad.<\/p>\n\n\n\n<p><strong>M\u00e1s all\u00e1 de las salas.<\/strong> Filba 2024 tambi\u00e9n se expandir\u00e1 m\u00e1s all\u00e1 de los espacios tradicionales. El proyecto #FILBABARRIO llevar\u00e1 las actividades a la Isla de Paternal, invitando a los vecinos a participar de talleres, m\u00fasica en vivo y otras propuestas culturales. Las noches ser\u00e1n el escenario perfecto para disfrutar de recitales de poes\u00eda, lecturas perform\u00e1ticas y proyecciones de cine en colaboraci\u00f3n con MUBI.<\/p>\n\n\n\n<p><strong>Autores destacados.<\/strong> La grilla de participantes de este a\u00f1o re\u00fane a una selecci\u00f3n de escritores de renombre internacional, como Katya Adaui, Benjam\u00edn Labatut y Nell Leyshon, junto a destacadas voces de la escena literaria argentina, entre las que se encuentran Mariana Enr\u00edquez, Gabriela Cabez\u00f3n C\u00e1mara y Carlos Gamerro.<\/p>\n\n\n\n<p><strong>Filba 2024 se presenta como una celebraci\u00f3n de la palabra y un espacio de reflexi\u00f3n sobre el poder del lenguaje y el silencio. Una invitaci\u00f3n a sumergirse en un universo de historias y a encontrar nuevas formas de conectar con la literatura.<\/strong><\/p>\n","protected":false},"excerpt":{"rendered":"<p>Buenos Aires se prepara para sumergirse en un universo de letras y reflexiones durante el<\/p>\n","protected":false},"author":2,"featured_media":804,"comment_status":"open","ping_status":"open","sticky":false,"template":"","format":"standard","meta":{"footnotes":""},"categories":[25],"tags":[96],"class_list":["post-803","post","type-post","status-publish","format-standard","has-post-thumbnail","hentry","category-eventos","tag-filba"],"aioseo_notices":[],"featured_image_urls":{"full":["https:\/\/muyferiado.com.ar\/wp-content\/uploads\/2024\/09\/filba-2024.jpg",1249,500,false],"thumbnail":["https:\/\/muyferiado.com.ar\/wp-content\/uploads\/2024\/09\/filba-2024-150x150.jpg",150,150,true],"medium":["https:\/\/muyferiado.com.ar\/wp-content\/uploads\/2024\/09\/filba-2024-300x120.jpg",300,120,true],"medium_large":["https:\/\/muyferiado.com.ar\/wp-content\/uploads\/2024\/09\/filba-2024-768x307.jpg",640,256,true],"large":["https:\/\/muyferiado.com.ar\/wp-content\/uploads\/2024\/09\/filba-2024-1024x410.jpg",640,256,true],"1536x1536":["https:\/\/muyferiado.com.ar\/wp-content\/uploads\/2024\/09\/filba-2024.jpg",1249,500,false],"2048x2048":["https:\/\/muyferiado.com.ar\/wp-content\/uploads\/2024\/09\/filba-2024.jpg",1249,500,false],"elegant-magazine-featured":["https:\/\/muyferiado.com.ar\/wp-content\/uploads\/2024\/09\/filba-2024-1024x410.jpg",1024,410,true],"elegant-magazine-medium":["https:\/\/muyferiado.com.ar\/wp-content\/uploads\/2024\/09\/filba-2024-720x380.jpg",720,380,true],"elegant-magazine-medium-small":["https:\/\/muyferiado.com.ar\/wp-content\/uploads\/2024\/09\/filba-2024-300x200.jpg",300,200,true],"elegant-magazine-thumbnail-small":["https:\/\/muyferiado.com.ar\/wp-content\/uploads\/2024\/09\/filba-2024-50x50.jpg",50,50,true]},"author_info":{"display_name":"Muy Feriado","author_link":"https:\/\/muyferiado.com.ar\/?author=2"},"category_info":"<a href=\"https:\/\/muyferiado.com.ar\/?cat=25\" rel=\"category\">Eventos<\/a>","tag_info":"Eventos","comment_count":"0","_links":{"self":[{"href":"https:\/\/muyferiado.com.ar\/index.php?rest_route=\/wp\/v2\/posts\/803","targetHints":{"allow":["GET"]}}],"collection":[{"href":"https:\/\/muyferiado.com.ar\/index.php?rest_route=\/wp\/v2\/posts"}],"about":[{"href":"https:\/\/muyferiado.com.ar\/index.php?rest_route=\/wp\/v2\/types\/post"}],"author":[{"embeddable":true,"href":"https:\/\/muyferiado.com.ar\/index.php?rest_route=\/wp\/v2\/users\/2"}],"replies":[{"embeddable":true,"href":"https:\/\/muyferiado.com.ar\/index.php?rest_route=%2Fwp%2Fv2%2Fcomments&post=803"}],"version-history":[{"count":1,"href":"https:\/\/muyferiado.com.ar\/index.php?rest_route=\/wp\/v2\/posts\/803\/revisions"}],"predecessor-version":[{"id":805,"href":"https:\/\/muyferiado.com.ar\/index.php?rest_route=\/wp\/v2\/posts\/803\/revisions\/805"}],"wp:featuredmedia":[{"embeddable":true,"href":"https:\/\/muyferiado.com.ar\/index.php?rest_route=\/wp\/v2\/media\/804"}],"wp:attachment":[{"href":"https:\/\/muyferiado.com.ar\/index.php?rest_route=%2Fwp%2Fv2%2Fmedia&parent=803"}],"wp:term":[{"taxonomy":"category","embeddable":true,"href":"https:\/\/muyferiado.com.ar\/index.php?rest_route=%2Fwp%2Fv2%2Fcategories&post=803"},{"taxonomy":"post_tag","embeddable":true,"href":"https:\/\/muyferiado.com.ar\/index.php?rest_route=%2Fwp%2Fv2%2Ftags&post=803"}],"curies":[{"name":"wp","href":"https:\/\/api.w.org\/{rel}","templated":true}]}}