{"id":791,"date":"2024-08-30T08:00:00","date_gmt":"2024-08-30T08:00:00","guid":{"rendered":"https:\/\/muyferiado.com.ar\/?p=791"},"modified":"2024-08-30T03:46:55","modified_gmt":"2024-08-30T03:46:55","slug":"inteligencia-artificial-y-creatividad-un-festival-explora-el-futuro-de-la-innovacion","status":"publish","type":"post","link":"https:\/\/muyferiado.com.ar\/?p=791","title":{"rendered":"Inteligencia Artificial y Creatividad: Un festival explora el futuro de la innovaci\u00f3n"},"content":{"rendered":"\n<h2 class=\"wp-block-heading\"><\/h2>\n\n\n\n<p>La inteligencia artificial (IA) est\u00e1 transformando radicalmente la forma en que vivimos y trabajamos, y el mundo del arte y la educaci\u00f3n no es la excepci\u00f3n. Un ambicioso festival, organizado por el Goethe-Institut en colaboraci\u00f3n con Fundaci\u00f3n Medif\u00e9, Artlab Academy y la Delegaci\u00f3n de la Uni\u00f3n Europea, se propone explorar la sinergia entre la IA y la creatividad, ofreciendo una plataforma para debatir sobre los desaf\u00edos y oportunidades que plantea esta nueva era tecnol\u00f3gica.<\/p>\n\n\n\n<p>Durante cuatro d\u00edas, expertos, artistas, educadores y tecn\u00f3logos se reunir\u00e1n para discutir temas clave como:<\/p>\n\n\n\n<ul class=\"wp-block-list\">\n<li><strong>El papel de la IA en la creatividad:<\/strong> \u00bfC\u00f3mo pueden las herramientas de IA, como los modelos generativos y el aprendizaje autom\u00e1tico, potenciar la expresi\u00f3n art\u00edstica y la innovaci\u00f3n? \u00bfCu\u00e1les son los l\u00edmites entre lo humano y lo artificial en la creaci\u00f3n?<\/li>\n\n\n\n<li><strong>IA en la educaci\u00f3n:<\/strong> \u00bfC\u00f3mo puede la IA transformar la forma en que ense\u00f1amos y aprendemos? \u00bfQu\u00e9 competencias ser\u00e1n necesarias en el futuro? \u00bfC\u00f3mo garantizar una educaci\u00f3n equitativa en un mundo cada vez m\u00e1s digital?<\/li>\n\n\n\n<li><strong>Consideraciones \u00e9ticas:<\/strong> \u00bfCu\u00e1les son las implicaciones \u00e9ticas de la IA en t\u00e9rminos de privacidad, sesgos algor\u00edtmicos y propiedad intelectual? \u00bfC\u00f3mo podemos garantizar que la IA se desarrolle de manera responsable y \u00e9tica?<\/li>\n\n\n\n<li><strong>IA y traducci\u00f3n:<\/strong> \u00bfPodr\u00e1 la IA reemplazar a los traductores humanos? \u00bfQu\u00e9 papel jugar\u00e1 la traducci\u00f3n autom\u00e1tica en el futuro?<\/li>\n<\/ul>\n\n\n\n<p>El festival ofrecer\u00e1 una variedad de actividades, incluyendo:<\/p>\n\n\n\n<ul class=\"wp-block-list\">\n<li><strong>Paneles de discusi\u00f3n:<\/strong> Con expertos de renombre en los campos de la IA, el arte, la educaci\u00f3n y la tecnolog\u00eda.<\/li>\n\n\n\n<li><strong>Workshops:<\/strong> Talleres pr\u00e1cticos para explorar las herramientas y t\u00e9cnicas de IA.<\/li>\n\n\n\n<li><strong>Exhibiciones de arte:<\/strong> Muestras de obras de arte creadas con la ayuda de la IA.<\/li>\n\n\n\n<li><strong>Performances en vivo:<\/strong> Presentaciones art\u00edsticas que exploran la intersecci\u00f3n entre lo humano y lo tecnol\u00f3gico.<\/li>\n<\/ul>\n\n\n\n<p><strong>El festival busca promover un di\u00e1logo abierto y constructivo sobre el impacto de la IA en nuestra sociedad.<\/strong> Al reunir a una amplia gama de actores, se apunta a fomentar la colaboraci\u00f3n y la innovaci\u00f3n en este campo en constante evoluci\u00f3n. Representa una oportunidad \u00fanica para reflexionar sobre el futuro de la creatividad y la educaci\u00f3n en un mundo cada vez m\u00e1s digital.<\/p>\n\n\n\n<p><strong>\u00bfC\u00f3mo participar?<\/strong><\/p>\n\n\n\n<p><strong>Las actividades son gratuitas con inscripci\u00f3n previa y tendr\u00e1n lugar en distintas sedes:<\/strong><\/p>\n\n\n\n<p><strong>Goethe-Institut Buenos Aires<\/strong> (Av. Corrientes 343, CABA)<\/p>\n\n\n\n<p><strong>Artlab<\/strong> (Roseti 93, CABA)<\/p>\n\n\n\n<p><strong>CAI- Centro Audiovisual Inmersivo<\/strong> (Jorge Newbery 3039, CABA)<\/p>\n\n\n\n<p><strong>CASA Fundaci\u00f3n Medif\u00e9<\/strong> (Ayacucho 1945, CABA)<\/p>\n\n\n\n<p><\/p>\n\n\n\n<p><strong>Programa<\/strong><\/p>\n\n\n\n<p><strong>Jueves 5 de septiembre<\/strong><\/p>\n\n\n\n<p>17 h | Artlab<br><strong>Alcances y limitaciones de la legislaci\u00f3n sobre IA<\/strong>&nbsp;con D\u00e9bora Marhaba, Sandra Wierzba, Amador S\u00e1nchez Rico. Modera: Camilo Guti\u00e9rrez.&nbsp;<\/p>\n\n\n\n<p>19 h | Artlab &nbsp;&nbsp;<br><strong>Inauguraci\u00f3n exhibici\u00f3n colectiva<\/strong>&nbsp;con Hypereikon, Bbmotion, Asdrubal, Dano Marello y Hyphae. Live a\/v shows: mwseo, Celesta.&nbsp;<\/p>\n\n\n\n<p><strong>Viernes 6 de septiembre<\/strong><br><br>16:30 h | Artlab &nbsp;&nbsp;<br>Taller de creatividad y fotograf\u00eda art\u00edstica&nbsp;<strong>\u00abPROMPTOGRAF\u00cdA &#8211; C\u00f3mo la IA est\u00e1 definiendo el futuro de la fotograf\u00eda y el v\u00eddeo\u00bb<\/strong>&nbsp;por Boris Eldagsen. Un panorama general sobre las posibilidades actuales de la generaci\u00f3n de im\u00e1genes con IA y sus consecuencias para las profesiones creativas y la sociedad. Proporcionar\u00e1 una comprensi\u00f3n profunda de la tecnolog\u00eda y una base s\u00f3lida para aplicaciones individuales.<br><em>Con traducci\u00f3n simult\u00e1nea.<\/em><br><br>17 h | Goethe-Institut&nbsp;<br><strong>Traducci\u00f3n literaria e IA<\/strong>&nbsp;con Ezequiel Canle Santamar\u00eda y Andreas F\u00f6rster (Alemania). Modera: Marita Propato. &nbsp;<br>\u00bfHar\u00e1 la inteligencia artificial innecesaria la profesi\u00f3n del traductor en el futuro? \u00bfQu\u00e9 puede lograr realmente la traducci\u00f3n por IA y c\u00f3mo eval\u00faan los expertos el desarrollo futuro? Ezequiel Canle Santamar\u00eda es jurista y Andreas F\u00f6rster es traductor.<br>Este panel forma parte de la serie de eventos&nbsp;<em>Kultur Intensiv<\/em>&nbsp;del Goethe-Institut Buenos Aires.&nbsp;<br><em>Conferencia h\u00edbrida con traducci\u00f3n simult\u00e1nea.&nbsp;<\/em><br><br>18:30 h | Artlab<br><strong>Sesgos, cultura e IA<\/strong>&nbsp;con Juan Manuel Dias (FundAR) y Rodrigo Fernando D\u00edaz (UNSAM). Modera: Paula Luvini (FundAR)<br><br>20 h | Artlab &nbsp;<br><strong>Desnudar la caja negra: pr\u00e1cticas art\u00edsticas co-creativas con IA<\/strong>&nbsp;con Wolfgang Bongers Heinzmann y Karen Palacio. Modera: Jazm\u00edn Adler.&nbsp;<br><br><strong>S\u00e1bado 7 de septiembre<\/strong><br><br>14 h | Goethe-Institut &nbsp;<br>Conferencia:&nbsp;<strong>IA y competencias para la educaci\u00f3n en el futuro<\/strong>&nbsp;con Nele Hirsch (Alemania), Alejandro Artopoulos (Univ. San Andr\u00e9s\/UBA). Modera: Christian Milillo (Flacso)&nbsp;<br><em>Conferencia h\u00edbrida con traducci\u00f3n simult\u00e1nea.&nbsp;<\/em><\/p>\n\n\n\n<p>15:30 h | Goethe-Institut&nbsp;<br>Conferencia:&nbsp;<strong>Competencias en IA para el trabajo<\/strong>&nbsp;con Insa Reichow (Alemania), Fabio Tarasow (Flacso). Modera: Nahuel Gonz\u00e1lez (Flacso)<br><em>Conferencia h\u00edbrida con traducci\u00f3n simult\u00e1nea.&nbsp;<\/em><\/p>\n\n\n\n<p>16 h | CAI (Centro Audiovisual Inmersivo)<br>Visita guiada exhibici\u00f3n colectiva parte 2&nbsp;<br><br>17 h | CAI (Centro Audiovisual Inmersivo)&nbsp;<br><strong>Entrevista:<\/strong>&nbsp;Vanesa Massa x Emilse Garz\u00f3n&nbsp;<\/p>\n\n\n\n<p>18:30 h | CAI (Centro Audiovisual Inmersivo) &nbsp;<br>Panel de discusi\u00f3n:&nbsp;<strong>\u00ab\u00bfCondena o florecimiento?&nbsp;El futuro de la creatividad despu\u00e9s de la IA\u00bb<\/strong>&nbsp;con Boris Eldagsen. Modera: Jazm\u00edn Adler<br>La creatividad rara vez se define en el debate sobre el futuro de la creatividad humana. Boris Eldagsen presenta una teor\u00eda de la creatividad que permite dividir la cooperaci\u00f3n creativa entre humanos e IA de una manera significativa.<br><em>Con traducci\u00f3n consecutiva. &nbsp;<\/em><br>\u202f&nbsp;<br>20 h | \u202fCAI (Centro Audiovisual Inmersivo)<br>Cierre: Ulises Labaronnie &amp; Vanesa Massa live a\/v show. Maia Dros dj set.<\/p>\n\n\n\n<p><\/p>\n","protected":false},"excerpt":{"rendered":"<p>Una iniciativa del Goethe-Institut en colaboraci\u00f3n con Fundaci\u00f3n Medif\u00e9, Artlab y la Delegaci\u00f3n de la Uni\u00f3n Europea<\/p>\n","protected":false},"author":2,"featured_media":792,"comment_status":"open","ping_status":"open","sticky":false,"template":"","format":"standard","meta":{"footnotes":""},"categories":[25,74],"tags":[93,92],"class_list":["post-791","post","type-post","status-publish","format-standard","has-post-thumbnail","hentry","category-eventos","category-tech","tag-goethe-institut","tag-inteligencia-artificial"],"aioseo_notices":[],"featured_image_urls":{"full":["https:\/\/muyferiado.com.ar\/wp-content\/uploads\/2024\/08\/festival-IA.jpg",1200,598,false],"thumbnail":["https:\/\/muyferiado.com.ar\/wp-content\/uploads\/2024\/08\/festival-IA-150x150.jpg",150,150,true],"medium":["https:\/\/muyferiado.com.ar\/wp-content\/uploads\/2024\/08\/festival-IA-300x150.jpg",300,150,true],"medium_large":["https:\/\/muyferiado.com.ar\/wp-content\/uploads\/2024\/08\/festival-IA-768x383.jpg",640,319,true],"large":["https:\/\/muyferiado.com.ar\/wp-content\/uploads\/2024\/08\/festival-IA-1024x510.jpg",640,319,true],"1536x1536":["https:\/\/muyferiado.com.ar\/wp-content\/uploads\/2024\/08\/festival-IA.jpg",1200,598,false],"2048x2048":["https:\/\/muyferiado.com.ar\/wp-content\/uploads\/2024\/08\/festival-IA.jpg",1200,598,false],"elegant-magazine-featured":["https:\/\/muyferiado.com.ar\/wp-content\/uploads\/2024\/08\/festival-IA-1024x510.jpg",1024,510,true],"elegant-magazine-medium":["https:\/\/muyferiado.com.ar\/wp-content\/uploads\/2024\/08\/festival-IA-720x380.jpg",720,380,true],"elegant-magazine-medium-small":["https:\/\/muyferiado.com.ar\/wp-content\/uploads\/2024\/08\/festival-IA-300x200.jpg",300,200,true],"elegant-magazine-thumbnail-small":["https:\/\/muyferiado.com.ar\/wp-content\/uploads\/2024\/08\/festival-IA-50x50.jpg",50,50,true]},"author_info":{"display_name":"Muy Feriado","author_link":"https:\/\/muyferiado.com.ar\/?author=2"},"category_info":"<a href=\"https:\/\/muyferiado.com.ar\/?cat=25\" rel=\"category\">Eventos<\/a> <a href=\"https:\/\/muyferiado.com.ar\/?cat=74\" rel=\"category\">Tech<\/a>","tag_info":"Tech","comment_count":"0","_links":{"self":[{"href":"https:\/\/muyferiado.com.ar\/index.php?rest_route=\/wp\/v2\/posts\/791","targetHints":{"allow":["GET"]}}],"collection":[{"href":"https:\/\/muyferiado.com.ar\/index.php?rest_route=\/wp\/v2\/posts"}],"about":[{"href":"https:\/\/muyferiado.com.ar\/index.php?rest_route=\/wp\/v2\/types\/post"}],"author":[{"embeddable":true,"href":"https:\/\/muyferiado.com.ar\/index.php?rest_route=\/wp\/v2\/users\/2"}],"replies":[{"embeddable":true,"href":"https:\/\/muyferiado.com.ar\/index.php?rest_route=%2Fwp%2Fv2%2Fcomments&post=791"}],"version-history":[{"count":4,"href":"https:\/\/muyferiado.com.ar\/index.php?rest_route=\/wp\/v2\/posts\/791\/revisions"}],"predecessor-version":[{"id":898,"href":"https:\/\/muyferiado.com.ar\/index.php?rest_route=\/wp\/v2\/posts\/791\/revisions\/898"}],"wp:featuredmedia":[{"embeddable":true,"href":"https:\/\/muyferiado.com.ar\/index.php?rest_route=\/wp\/v2\/media\/792"}],"wp:attachment":[{"href":"https:\/\/muyferiado.com.ar\/index.php?rest_route=%2Fwp%2Fv2%2Fmedia&parent=791"}],"wp:term":[{"taxonomy":"category","embeddable":true,"href":"https:\/\/muyferiado.com.ar\/index.php?rest_route=%2Fwp%2Fv2%2Fcategories&post=791"},{"taxonomy":"post_tag","embeddable":true,"href":"https:\/\/muyferiado.com.ar\/index.php?rest_route=%2Fwp%2Fv2%2Ftags&post=791"}],"curies":[{"name":"wp","href":"https:\/\/api.w.org\/{rel}","templated":true}]}}