{"id":785,"date":"2024-08-20T20:13:21","date_gmt":"2024-08-20T20:13:21","guid":{"rendered":"https:\/\/muyferiado.com.ar\/?p=785"},"modified":"2024-08-20T20:13:22","modified_gmt":"2024-08-20T20:13:22","slug":"arteba-2024-una-nueva-edicion-para-celebrar-el-arte","status":"publish","type":"post","link":"https:\/\/muyferiado.com.ar\/?p=785","title":{"rendered":"Arteba 2024: Una nueva edici\u00f3n para celebrar el arte"},"content":{"rendered":"\n<h2 class=\"wp-block-heading\">La feria de arte contempor\u00e1neo regresa con m\u00e1s de 400 artistas, propuestas innovadoras y un compromiso con el fortalecimiento del ecosistema art\u00edstico local.<\/h2>\n\n\n\n<p>La edici\u00f3n 2024 de arteba, la feria de arte contempor\u00e1neo m\u00e1s relevante de Argentina, se llevar\u00e1 a cabo del 30 de agosto al 1 de septiembre en el Centro Costa Salguero de Buenos Aires. Este evento, que se ha convertido en un punto de encuentro para artistas, galeristas, coleccionistas y amantes del arte, promete una experiencia \u00fanica y enriquecedora.<\/p>\n\n\n\n<p>En esta ocasi\u00f3n, se reunir\u00e1n m\u00e1s de 400 artistas representados por 65 galer\u00edas provenientes de 16 ciudades. La selecci\u00f3n de participantes estuvo a cargo de un comit\u00e9 independiente compuesto por destacados profesionales del mundo del arte, quienes garantizan una curadur\u00eda de alta calidad y diversidad.<\/p>\n\n\n\n<p>Adem\u00e1s de la exposici\u00f3n de obras de arte, arteba ofrecer\u00e1 una amplia programaci\u00f3n de actividades paralelas, que incluyen performances, charlas y talleres. Este a\u00f1o, la feria se ha asociado con Lollapalooza para crear un espacio de disfrute al aire libre, con m\u00fasica en vivo y opciones gastron\u00f3micas variadas.<\/p>\n\n\n\n<p><\/p>\n\n\n\n<p><strong>Homenaje a Diana Cabeza<\/strong><\/p>\n\n\n\n<p>En esta edici\u00f3n, arteba rinde homenaje a Diana Cabeza, una destacada dise\u00f1adora de mobiliario urbano que colabor\u00f3 estrechamente con la feria durante m\u00e1s de una d\u00e9cada. Su legado se hace presente en el dise\u00f1o de los espacios del evento, que este a\u00f1o cuenta con el sistema de asientos Tronco y Territorio, una creaci\u00f3n de Cabeza que busca generar conciencia sobre la importancia de cuidar el medio ambiente.<\/p>\n\n\n\n<p><strong>Un evento para todos<\/strong><\/p>\n\n\n\n<p>La feria arteba est\u00e1 abierta a todo p\u00fablico, desde coleccionistas experimentados hasta aquellos que se est\u00e1n iniciando en el mundo del arte. Las entradas ya est\u00e1n disponibles en <a href=\"http:\/\/www.arteba.org\" target=\"_blank\" rel=\"noopener\" title=\"www.arteba.org\">www.arteba.org<\/a>. <\/p>\n\n\n\n<p>Se trata de una oportunidad para sumergirse en el mundo del arte y disfrutar de la amplia diversidad de formatos existentes en la producci\u00f3n contempor\u00e1nea.<\/p>\n\n\n\n<p>.<\/p>\n\n\n\n<p><\/p>\n","protected":false},"excerpt":{"rendered":"<p>La feria de arte contempor\u00e1neo regresa con m\u00e1s de 400 artistas, propuestas innovadoras y un<\/p>\n","protected":false},"author":2,"featured_media":786,"comment_status":"open","ping_status":"open","sticky":false,"template":"","format":"standard","meta":{"footnotes":""},"categories":[94,28,25],"tags":[91],"class_list":["post-785","post","type-post","status-publish","format-standard","has-post-thumbnail","hentry","category-actividades","category-culturas","category-eventos","tag-arteba"],"aioseo_notices":[],"featured_image_urls":{"full":["https:\/\/muyferiado.com.ar\/wp-content\/uploads\/2024\/08\/arteba.jpg",1600,1068,false],"thumbnail":["https:\/\/muyferiado.com.ar\/wp-content\/uploads\/2024\/08\/arteba-150x150.jpg",150,150,true],"medium":["https:\/\/muyferiado.com.ar\/wp-content\/uploads\/2024\/08\/arteba-300x200.jpg",300,200,true],"medium_large":["https:\/\/muyferiado.com.ar\/wp-content\/uploads\/2024\/08\/arteba-768x513.jpg",640,428,true],"large":["https:\/\/muyferiado.com.ar\/wp-content\/uploads\/2024\/08\/arteba-1024x684.jpg",640,428,true],"1536x1536":["https:\/\/muyferiado.com.ar\/wp-content\/uploads\/2024\/08\/arteba-1536x1025.jpg",1536,1025,true],"2048x2048":["https:\/\/muyferiado.com.ar\/wp-content\/uploads\/2024\/08\/arteba.jpg",1600,1068,false],"elegant-magazine-featured":["https:\/\/muyferiado.com.ar\/wp-content\/uploads\/2024\/08\/arteba-1024x684.jpg",1024,684,true],"elegant-magazine-medium":["https:\/\/muyferiado.com.ar\/wp-content\/uploads\/2024\/08\/arteba-720x380.jpg",720,380,true],"elegant-magazine-medium-small":["https:\/\/muyferiado.com.ar\/wp-content\/uploads\/2024\/08\/arteba-300x200.jpg",300,200,true],"elegant-magazine-thumbnail-small":["https:\/\/muyferiado.com.ar\/wp-content\/uploads\/2024\/08\/arteba-50x50.jpg",50,50,true]},"author_info":{"display_name":"Muy Feriado","author_link":"https:\/\/muyferiado.com.ar\/?author=2"},"category_info":"<a href=\"https:\/\/muyferiado.com.ar\/?cat=94\" rel=\"category\">Actividades<\/a> <a href=\"https:\/\/muyferiado.com.ar\/?cat=28\" rel=\"category\">Culturas<\/a> <a href=\"https:\/\/muyferiado.com.ar\/?cat=25\" rel=\"category\">Eventos<\/a>","tag_info":"Eventos","comment_count":"0","_links":{"self":[{"href":"https:\/\/muyferiado.com.ar\/index.php?rest_route=\/wp\/v2\/posts\/785","targetHints":{"allow":["GET"]}}],"collection":[{"href":"https:\/\/muyferiado.com.ar\/index.php?rest_route=\/wp\/v2\/posts"}],"about":[{"href":"https:\/\/muyferiado.com.ar\/index.php?rest_route=\/wp\/v2\/types\/post"}],"author":[{"embeddable":true,"href":"https:\/\/muyferiado.com.ar\/index.php?rest_route=\/wp\/v2\/users\/2"}],"replies":[{"embeddable":true,"href":"https:\/\/muyferiado.com.ar\/index.php?rest_route=%2Fwp%2Fv2%2Fcomments&post=785"}],"version-history":[{"count":1,"href":"https:\/\/muyferiado.com.ar\/index.php?rest_route=\/wp\/v2\/posts\/785\/revisions"}],"predecessor-version":[{"id":787,"href":"https:\/\/muyferiado.com.ar\/index.php?rest_route=\/wp\/v2\/posts\/785\/revisions\/787"}],"wp:featuredmedia":[{"embeddable":true,"href":"https:\/\/muyferiado.com.ar\/index.php?rest_route=\/wp\/v2\/media\/786"}],"wp:attachment":[{"href":"https:\/\/muyferiado.com.ar\/index.php?rest_route=%2Fwp%2Fv2%2Fmedia&parent=785"}],"wp:term":[{"taxonomy":"category","embeddable":true,"href":"https:\/\/muyferiado.com.ar\/index.php?rest_route=%2Fwp%2Fv2%2Fcategories&post=785"},{"taxonomy":"post_tag","embeddable":true,"href":"https:\/\/muyferiado.com.ar\/index.php?rest_route=%2Fwp%2Fv2%2Ftags&post=785"}],"curies":[{"name":"wp","href":"https:\/\/api.w.org\/{rel}","templated":true}]}}