{"id":768,"date":"2024-08-13T03:35:24","date_gmt":"2024-08-13T03:35:24","guid":{"rendered":"https:\/\/muyferiado.com.ar\/?p=768"},"modified":"2024-08-13T21:10:08","modified_gmt":"2024-08-13T21:10:08","slug":"llega-la-nueva-edicion-de-anime-con-argentina","status":"publish","type":"post","link":"https:\/\/muyferiado.com.ar\/?p=768","title":{"rendered":"Llega la nueva edici\u00f3n de ANIME-CON ARGENTINA"},"content":{"rendered":"\n<p>ANIME-CON ARGENTINA regresa con su tercera edici\u00f3n el 16, 17 y 18 de agosto 2024 en el Centro Costa Salguero de la Ciudad de Buenos Aires.<\/p>\n\n\n\n<p>Contar\u00e1 con la participaci\u00f3n de las principales marcas de la industria, cientos de stands, exhibiciones, actividades, shows, invitados de Jap\u00f3n, mega concursos de Cosplay, aut\u00e9ntica gastronom\u00eda japonesa y un sinf\u00edn m\u00e1s de atracciones.<\/p>\n\n\n\n<p>Cuando hablamos de Anime y Manga ya no nos referimos a un nicho, sino a uno de los pilares de<br>mayor consumo de la cultura pop a nivel mundial. En los \u00faltimos a\u00f1os se experiment\u00f3 un crecimiento sin<br>precedentes en este mercado. En Argentina esto es palpable incluso al transitar las<br>calles de los centros urbanos, encontrando cada vez m\u00e1s presencia de productos relacionados, sea por la<br>multiplicaci\u00f3n de comiquer\u00edas, exposici\u00f3n en las m\u00e1s tradicionales cadenas de librer\u00edas e indumentaria. Tambi\u00e9n es cada vez m\u00e1s com\u00fan entre j\u00f3venes que utilicen expresiones, frases y memes nacidos de todo este universo.<\/p>\n\n\n\n<p>Entre los invitados internacionales se encuentra el grupo Ash Da Hero, la banda de punk rock que ha conquistado Jap\u00f3n con su estilo \u00fanico y en\u00e9rgico; la talentosa Yumi Matsuzawa, conocida por sus canciones de apertura y cierre de animes, y el astro brasile\u00f1o Ricardo Cruz, \u00fanico miembro extranjero del legendario supergrupo japon\u00e9s JAM Project.<\/p>\n\n\n\n<p>Para conocer m\u00e1s sobre la convocatoria conversamos con Diego P\u00e9rez, creador de <a href=\"https:\/\/www.instagram.com\/frikiverseros\/\" target=\"_blank\" rel=\"noopener\" title=\"\">Frikiverseros<\/a>, que dar\u00e1 su show el viernes 16 en el Main Stage de Anime-Con.<\/p>\n\n\n\n<p>Diego remarc\u00f3 que el evento es muy importante para todos los fan\u00e1ticos del Manga y el Anim\u00e9 porque genera un espacio para encontrarse y compartir actividades.<\/p>\n\n\n\n<p>\u00abLlevo un show de humor, que combina m\u00fasica argentina con la cultura del anim\u00e9. Espero que a la gente le guste y que acompa\u00f1e cantando y haciendo palmas\u201d, sostuvo el frikiversero.<\/p>\n\n\n\n<p>Al mismo tiempo, agreg\u00f3 que \u201cestoy muy entusiasmado por encontrarme personalmente el viernes con la comunidad que apoya mi proyecto en Instagram. Cada d\u00eda somos m\u00e1s los que compartimos el fanatismo por el Anim\u00e9 y la m\u00fasica\u00bb.<\/p>\n\n\n\n<h3 class=\"wp-block-heading\">Algunas actividades:<\/h3>\n\n\n\n<p><\/p>\n\n\n\n<h4 class=\"wp-block-heading\">J-MUSIC FESTIVAL<\/h4>\n\n\n\n<p>M\u00e1s de 10 bandas en vivo en un mega escenario vibrante, acompa\u00f1ado de una arena para miles de personas, coronado con la presentaci\u00f3n exclusiva de una aclamada banda internacional que vendr\u00e1 directamente desde Jap\u00f3n a consolidarse como el principal headliner.<\/p>\n\n\n\n<h4 class=\"wp-block-heading\">VIVE ASIA<\/h4>\n\n\n\n<p>Celebraci\u00f3n de la cultura asi\u00e1tica en todo su esplendor, con stands y muestras de distintos pa\u00edses. Arte y gastronom\u00eda juntos.<\/p>\n\n\n\n<h4 class=\"wp-block-heading\">Rapppongi Party<\/h4>\n\n\n\n<p>\u00a1Fiesta, shows, m\u00fasica, cosplay! Con bloques audiovisuales tem\u00e1ticos, shows en vivo, concursos de Cosplay, desfiles y mucho m\u00e1s.<\/p>\n\n\n\n<h4 class=\"wp-block-heading\">Matsuri Foods<\/h4>\n\n\n\n<p>Gastronom\u00eda japonesa en el primer Matsuri (festival) a realizarse en Anime Con 2024. Aut\u00e9ntica comida japonesa en un ambiente recreado art\u00edsticamente que te trasladar\u00e1 a un pintoresco<br>barrio japo que celebra un tradicional Matsuri.<\/p>\n\n\n\n<h4 class=\"wp-block-heading\">Gaming<\/h4>\n\n\n\n<p>Un espacio exclusivo, con freeplay, arena, arcades retros, participaci\u00f3n oficial de la industria, presentaciones de nuevos juegos y mucho hardcore gaming.<\/p>\n\n\n\n<p><\/p>\n\n\n\n<p>La agenda completa se encuentra disponible en la web oficial <a href=\"https:\/\/animeconar.com\/\">https:\/\/animeconar.com\/<\/a><\/p>\n","protected":false},"excerpt":{"rendered":"<p>ANIME-CON ARGENTINA regresa con su tercera edici\u00f3n el 16, 17 y 18 de agosto 2024<\/p>\n","protected":false},"author":2,"featured_media":769,"comment_status":"open","ping_status":"open","sticky":false,"template":"","format":"standard","meta":{"footnotes":""},"categories":[28,25],"tags":[],"class_list":["post-768","post","type-post","status-publish","format-standard","has-post-thumbnail","hentry","category-culturas","category-eventos"],"aioseo_notices":[],"featured_image_urls":{"full":["https:\/\/muyferiado.com.ar\/wp-content\/uploads\/2024\/08\/animecon.jpg",1344,655,false],"thumbnail":["https:\/\/muyferiado.com.ar\/wp-content\/uploads\/2024\/08\/animecon-150x150.jpg",150,150,true],"medium":["https:\/\/muyferiado.com.ar\/wp-content\/uploads\/2024\/08\/animecon-300x146.jpg",300,146,true],"medium_large":["https:\/\/muyferiado.com.ar\/wp-content\/uploads\/2024\/08\/animecon-768x374.jpg",640,312,true],"large":["https:\/\/muyferiado.com.ar\/wp-content\/uploads\/2024\/08\/animecon-1024x499.jpg",640,312,true],"1536x1536":["https:\/\/muyferiado.com.ar\/wp-content\/uploads\/2024\/08\/animecon.jpg",1344,655,false],"2048x2048":["https:\/\/muyferiado.com.ar\/wp-content\/uploads\/2024\/08\/animecon.jpg",1344,655,false],"elegant-magazine-featured":["https:\/\/muyferiado.com.ar\/wp-content\/uploads\/2024\/08\/animecon-1024x499.jpg",1024,499,true],"elegant-magazine-medium":["https:\/\/muyferiado.com.ar\/wp-content\/uploads\/2024\/08\/animecon-720x380.jpg",720,380,true],"elegant-magazine-medium-small":["https:\/\/muyferiado.com.ar\/wp-content\/uploads\/2024\/08\/animecon-300x200.jpg",300,200,true],"elegant-magazine-thumbnail-small":["https:\/\/muyferiado.com.ar\/wp-content\/uploads\/2024\/08\/animecon-50x50.jpg",50,50,true]},"author_info":{"display_name":"Muy Feriado","author_link":"https:\/\/muyferiado.com.ar\/?author=2"},"category_info":"<a href=\"https:\/\/muyferiado.com.ar\/?cat=28\" rel=\"category\">Culturas<\/a> <a href=\"https:\/\/muyferiado.com.ar\/?cat=25\" rel=\"category\">Eventos<\/a>","tag_info":"Eventos","comment_count":"0","_links":{"self":[{"href":"https:\/\/muyferiado.com.ar\/index.php?rest_route=\/wp\/v2\/posts\/768","targetHints":{"allow":["GET"]}}],"collection":[{"href":"https:\/\/muyferiado.com.ar\/index.php?rest_route=\/wp\/v2\/posts"}],"about":[{"href":"https:\/\/muyferiado.com.ar\/index.php?rest_route=\/wp\/v2\/types\/post"}],"author":[{"embeddable":true,"href":"https:\/\/muyferiado.com.ar\/index.php?rest_route=\/wp\/v2\/users\/2"}],"replies":[{"embeddable":true,"href":"https:\/\/muyferiado.com.ar\/index.php?rest_route=%2Fwp%2Fv2%2Fcomments&post=768"}],"version-history":[{"count":4,"href":"https:\/\/muyferiado.com.ar\/index.php?rest_route=\/wp\/v2\/posts\/768\/revisions"}],"predecessor-version":[{"id":775,"href":"https:\/\/muyferiado.com.ar\/index.php?rest_route=\/wp\/v2\/posts\/768\/revisions\/775"}],"wp:featuredmedia":[{"embeddable":true,"href":"https:\/\/muyferiado.com.ar\/index.php?rest_route=\/wp\/v2\/media\/769"}],"wp:attachment":[{"href":"https:\/\/muyferiado.com.ar\/index.php?rest_route=%2Fwp%2Fv2%2Fmedia&parent=768"}],"wp:term":[{"taxonomy":"category","embeddable":true,"href":"https:\/\/muyferiado.com.ar\/index.php?rest_route=%2Fwp%2Fv2%2Fcategories&post=768"},{"taxonomy":"post_tag","embeddable":true,"href":"https:\/\/muyferiado.com.ar\/index.php?rest_route=%2Fwp%2Fv2%2Ftags&post=768"}],"curies":[{"name":"wp","href":"https:\/\/api.w.org\/{rel}","templated":true}]}}