{"id":733,"date":"2023-12-31T17:02:31","date_gmt":"2023-12-31T17:02:31","guid":{"rendered":"https:\/\/muyferiado.com.ar\/?p=733"},"modified":"2024-08-10T18:01:51","modified_gmt":"2024-08-10T18:01:51","slug":"feriados-puente-para-el-2024","status":"publish","type":"post","link":"https:\/\/muyferiado.com.ar\/?p=733","title":{"rendered":"Feriados puente para el 2024"},"content":{"rendered":"\n<p>El Bolet\u00edn Oficial de la Rep\u00fablica\u00a0Argentina decret\u00f3 que en 2024 habr\u00e1 tres feriados puentes: <em>1\u00b0 de abril, 21 de junio y 11 de octubre.<\/em> De esta forma, se obtienen tres fines de semana largos.<\/p>\n\n\n\n<p>El primer fin de semana largo con feriado puente ser\u00e1 en marzo. <strong>Del jueves 28 de marzo al martes 2 de abril <\/strong>(se suma Semana Santa con el d\u00eda del Veterano y Ca\u00eddos en Malvinas) As\u00ed conforma una feriado EXTRA LARGO.<\/p>\n\n\n\n<p>El segundo es el D\u00eda de la Bandera <strong>del jueves 20 al domingo 23 de junio.<\/strong><\/p>\n\n\n\n<p>El tercero ser\u00e1 del <strong>viernes 11 al domingo 13 de octubre,<\/strong> por el festejo de la Diversidad Cultural.<\/p>\n\n\n\n<p>Esperamos que esta informaci\u00f3n te haya sido \u00fatil para organizar tus vacaciones, tanto si vas un fin de semana largo o una escapada para pasar el d\u00eda. Para m\u00e1s datos pod\u00e9s consultar el sitio web del <a href=\"https:\/\/www.argentina.gob.ar\/asuntos-politicos-e-institucionales\/feriados-nacionales-y-dias-no-laborales\" title=\"\">Ministerio del Interior<\/a><\/p>\n","protected":false},"excerpt":{"rendered":"<p>La agenda de feriados largos del 2024 para organizar las escapadas de este a\u00f1o.<\/p>\n","protected":false},"author":2,"featured_media":734,"comment_status":"open","ping_status":"open","sticky":false,"template":"","format":"standard","meta":{"footnotes":""},"categories":[34,3],"tags":[36,30,57,35],"class_list":["post-733","post","type-post","status-publish","format-standard","has-post-thumbnail","hentry","category-feriado","category-feriado-largo","tag-argentina","tag-feriado","tag-feriado-largo","tag-feriados"],"aioseo_notices":[],"featured_image_urls":{"full":["https:\/\/muyferiado.com.ar\/wp-content\/uploads\/2023\/12\/playa-feriado.jpg",640,427,false],"thumbnail":["https:\/\/muyferiado.com.ar\/wp-content\/uploads\/2023\/12\/playa-feriado-150x150.jpg",150,150,true],"medium":["https:\/\/muyferiado.com.ar\/wp-content\/uploads\/2023\/12\/playa-feriado-300x200.jpg",300,200,true],"medium_large":["https:\/\/muyferiado.com.ar\/wp-content\/uploads\/2023\/12\/playa-feriado.jpg",640,427,false],"large":["https:\/\/muyferiado.com.ar\/wp-content\/uploads\/2023\/12\/playa-feriado.jpg",640,427,false],"1536x1536":["https:\/\/muyferiado.com.ar\/wp-content\/uploads\/2023\/12\/playa-feriado.jpg",640,427,false],"2048x2048":["https:\/\/muyferiado.com.ar\/wp-content\/uploads\/2023\/12\/playa-feriado.jpg",640,427,false],"elegant-magazine-featured":["https:\/\/muyferiado.com.ar\/wp-content\/uploads\/2023\/12\/playa-feriado.jpg",640,427,false],"elegant-magazine-medium":["https:\/\/muyferiado.com.ar\/wp-content\/uploads\/2023\/12\/playa-feriado-640x380.jpg",640,380,true],"elegant-magazine-medium-small":["https:\/\/muyferiado.com.ar\/wp-content\/uploads\/2023\/12\/playa-feriado-300x200.jpg",300,200,true],"elegant-magazine-thumbnail-small":["https:\/\/muyferiado.com.ar\/wp-content\/uploads\/2023\/12\/playa-feriado-50x50.jpg",50,50,true]},"author_info":{"display_name":"Muy Feriado","author_link":"https:\/\/muyferiado.com.ar\/?author=2"},"category_info":"<a href=\"https:\/\/muyferiado.com.ar\/?cat=34\" rel=\"category\">Feriado<\/a> <a href=\"https:\/\/muyferiado.com.ar\/?cat=3\" rel=\"category\">Feriado largo<\/a>","tag_info":"Feriado largo","comment_count":"0","_links":{"self":[{"href":"https:\/\/muyferiado.com.ar\/index.php?rest_route=\/wp\/v2\/posts\/733","targetHints":{"allow":["GET"]}}],"collection":[{"href":"https:\/\/muyferiado.com.ar\/index.php?rest_route=\/wp\/v2\/posts"}],"about":[{"href":"https:\/\/muyferiado.com.ar\/index.php?rest_route=\/wp\/v2\/types\/post"}],"author":[{"embeddable":true,"href":"https:\/\/muyferiado.com.ar\/index.php?rest_route=\/wp\/v2\/users\/2"}],"replies":[{"embeddable":true,"href":"https:\/\/muyferiado.com.ar\/index.php?rest_route=%2Fwp%2Fv2%2Fcomments&post=733"}],"version-history":[{"count":3,"href":"https:\/\/muyferiado.com.ar\/index.php?rest_route=\/wp\/v2\/posts\/733\/revisions"}],"predecessor-version":[{"id":743,"href":"https:\/\/muyferiado.com.ar\/index.php?rest_route=\/wp\/v2\/posts\/733\/revisions\/743"}],"wp:featuredmedia":[{"embeddable":true,"href":"https:\/\/muyferiado.com.ar\/index.php?rest_route=\/wp\/v2\/media\/734"}],"wp:attachment":[{"href":"https:\/\/muyferiado.com.ar\/index.php?rest_route=%2Fwp%2Fv2%2Fmedia&parent=733"}],"wp:term":[{"taxonomy":"category","embeddable":true,"href":"https:\/\/muyferiado.com.ar\/index.php?rest_route=%2Fwp%2Fv2%2Fcategories&post=733"},{"taxonomy":"post_tag","embeddable":true,"href":"https:\/\/muyferiado.com.ar\/index.php?rest_route=%2Fwp%2Fv2%2Ftags&post=733"}],"curies":[{"name":"wp","href":"https:\/\/api.w.org\/{rel}","templated":true}]}}