{"id":693,"date":"2023-01-04T17:09:00","date_gmt":"2023-01-04T17:09:00","guid":{"rendered":"https:\/\/muyferiado.com.ar\/?p=693"},"modified":"2024-08-10T16:52:54","modified_gmt":"2024-08-10T16:52:54","slug":"una-propuesta-para-descubrir-el-detras-de-escena-de-las-telecomunicaciones","status":"publish","type":"post","link":"https:\/\/muyferiado.com.ar\/?p=693","title":{"rendered":"Una propuesta para descubrir el detr\u00e1s de escena de las telecomunicaciones"},"content":{"rendered":"\n<p>\u00bfC\u00f3mo es un cable submarino? \u00bfY la fibra \u00f3ptica? \u00bfC\u00f3mo llega un mensaje a tu celular? \u00bfQu\u00e9 tipo de antenas hay? \u00bfQu\u00e9 ocurre cuando navegamos por Internet o descargamos un videojuego?&nbsp;<\/p>\n\n\n\n<p>Estas son algunas de las preguntas que intenta responder la exposici\u00f3n <strong>\u201cConectados. Una mirada a la tecnolog\u00eda que nos acerca<\/strong>\u201d, que abre sus puertas del 5 de enero al 23 de febrero con entrada gratuita. Las visitas guiadas se realizan los martes y jueves a las 16.30 en Arenales 1540, ciudad de Buenos Aires.<\/p>\n\n\n\n<p>La iniciativa propone un recorrido por diferentes instalaciones que invitan a interactuar con dispositivos tecnol\u00f3gicos y experimentar las t\u00e9cnicas que hacen posible la actual vida digital.\u00a0<\/p>\n\n\n\n<p>A trav\u00e9s de la visita se pueden conocer los procesos para que se lleve adelante el funcionamiento de las telecomunicaciones y todo lo que hay detr\u00e1s del mundo virtual de la sociedad del conocimiento.<\/p>\n\n\n\n<p>De manera l\u00fadica y creativa, se plantean los desaf\u00edos que conllevan los actuales sistemas de comunicaci\u00f3n, descubriendo el interior del mundo de las comunicaciones, visibilizando el estado actual y vislumbrando el futuro.<\/p>\n\n\n\n<p>La muestra fue producida por <a href=\"https:\/\/www.fundaciontelefonica.com.ar\/\" target=\"_blank\" rel=\"noopener\" title=\"\">Fundaci\u00f3n Telef\u00f3nica Movistar<\/a> y est\u00e1 curada por Ricardo Ser\u00f3n. \u201cPodr\u00e1n ingresar a la jaula Faraday, transitar el vertiginoso emplazamiento de torres de telefon\u00eda e interactuar con una casa inteligente. Pero no s\u00f3lo eso. Se sorprender\u00e1n al reconocer la multiplicidad de datos que las personas y las m\u00e1quinas producen, utilizan, transmiten y circulan para hacer posible sus momentos de conexi\u00f3n y encuentro\u201d, sostuvo Agustina Catone, directora de la Fundaci\u00f3n.<\/p>\n\n\n\n<figure class=\"wp-block-image size-full\"><img fetchpriority=\"high\" decoding=\"async\" width=\"860\" height=\"573\" src=\"https:\/\/muyferiado.com.ar\/wp-content\/uploads\/2023\/01\/Conectados-Fundacion-Telefonica-Movistar-2.jpg\" alt=\"\" class=\"wp-image-695\" srcset=\"https:\/\/muyferiado.com.ar\/wp-content\/uploads\/2023\/01\/Conectados-Fundacion-Telefonica-Movistar-2.jpg 860w, https:\/\/muyferiado.com.ar\/wp-content\/uploads\/2023\/01\/Conectados-Fundacion-Telefonica-Movistar-2-300x200.jpg 300w, https:\/\/muyferiado.com.ar\/wp-content\/uploads\/2023\/01\/Conectados-Fundacion-Telefonica-Movistar-2-768x512.jpg 768w\" sizes=\"(max-width: 860px) 100vw, 860px\" \/><\/figure>\n","protected":false},"excerpt":{"rendered":"<p>\u00bfC\u00f3mo es un cable submarino? \u00bfY la fibra \u00f3ptica? \u00bfC\u00f3mo llega un mensaje a tu<\/p>\n","protected":false},"author":2,"featured_media":694,"comment_status":"open","ping_status":"open","sticky":true,"template":"","format":"standard","meta":{"footnotes":""},"categories":[74],"tags":[75],"class_list":["post-693","post","type-post","status-publish","format-standard","has-post-thumbnail","hentry","category-tech","tag-exposicion"],"aioseo_notices":[],"featured_image_urls":{"full":["https:\/\/muyferiado.com.ar\/wp-content\/uploads\/2023\/01\/Conectados-Fundacion-Telefonica-Movistar.jpg",860,573,false],"thumbnail":["https:\/\/muyferiado.com.ar\/wp-content\/uploads\/2023\/01\/Conectados-Fundacion-Telefonica-Movistar-150x150.jpg",150,150,true],"medium":["https:\/\/muyferiado.com.ar\/wp-content\/uploads\/2023\/01\/Conectados-Fundacion-Telefonica-Movistar-300x200.jpg",300,200,true],"medium_large":["https:\/\/muyferiado.com.ar\/wp-content\/uploads\/2023\/01\/Conectados-Fundacion-Telefonica-Movistar-768x512.jpg",640,427,true],"large":["https:\/\/muyferiado.com.ar\/wp-content\/uploads\/2023\/01\/Conectados-Fundacion-Telefonica-Movistar.jpg",640,426,false],"1536x1536":["https:\/\/muyferiado.com.ar\/wp-content\/uploads\/2023\/01\/Conectados-Fundacion-Telefonica-Movistar.jpg",860,573,false],"2048x2048":["https:\/\/muyferiado.com.ar\/wp-content\/uploads\/2023\/01\/Conectados-Fundacion-Telefonica-Movistar.jpg",860,573,false],"elegant-magazine-featured":["https:\/\/muyferiado.com.ar\/wp-content\/uploads\/2023\/01\/Conectados-Fundacion-Telefonica-Movistar.jpg",860,573,false],"elegant-magazine-medium":["https:\/\/muyferiado.com.ar\/wp-content\/uploads\/2023\/01\/Conectados-Fundacion-Telefonica-Movistar-720x380.jpg",720,380,true],"elegant-magazine-medium-small":["https:\/\/muyferiado.com.ar\/wp-content\/uploads\/2023\/01\/Conectados-Fundacion-Telefonica-Movistar-300x200.jpg",300,200,true],"elegant-magazine-thumbnail-small":["https:\/\/muyferiado.com.ar\/wp-content\/uploads\/2023\/01\/Conectados-Fundacion-Telefonica-Movistar-50x50.jpg",50,50,true]},"author_info":{"display_name":"Muy Feriado","author_link":"https:\/\/muyferiado.com.ar\/?author=2"},"category_info":"<a href=\"https:\/\/muyferiado.com.ar\/?cat=74\" rel=\"category\">Tech<\/a>","tag_info":"Tech","comment_count":"0","_links":{"self":[{"href":"https:\/\/muyferiado.com.ar\/index.php?rest_route=\/wp\/v2\/posts\/693","targetHints":{"allow":["GET"]}}],"collection":[{"href":"https:\/\/muyferiado.com.ar\/index.php?rest_route=\/wp\/v2\/posts"}],"about":[{"href":"https:\/\/muyferiado.com.ar\/index.php?rest_route=\/wp\/v2\/types\/post"}],"author":[{"embeddable":true,"href":"https:\/\/muyferiado.com.ar\/index.php?rest_route=\/wp\/v2\/users\/2"}],"replies":[{"embeddable":true,"href":"https:\/\/muyferiado.com.ar\/index.php?rest_route=%2Fwp%2Fv2%2Fcomments&post=693"}],"version-history":[{"count":4,"href":"https:\/\/muyferiado.com.ar\/index.php?rest_route=\/wp\/v2\/posts\/693\/revisions"}],"predecessor-version":[{"id":705,"href":"https:\/\/muyferiado.com.ar\/index.php?rest_route=\/wp\/v2\/posts\/693\/revisions\/705"}],"wp:featuredmedia":[{"embeddable":true,"href":"https:\/\/muyferiado.com.ar\/index.php?rest_route=\/wp\/v2\/media\/694"}],"wp:attachment":[{"href":"https:\/\/muyferiado.com.ar\/index.php?rest_route=%2Fwp%2Fv2%2Fmedia&parent=693"}],"wp:term":[{"taxonomy":"category","embeddable":true,"href":"https:\/\/muyferiado.com.ar\/index.php?rest_route=%2Fwp%2Fv2%2Fcategories&post=693"},{"taxonomy":"post_tag","embeddable":true,"href":"https:\/\/muyferiado.com.ar\/index.php?rest_route=%2Fwp%2Fv2%2Ftags&post=693"}],"curies":[{"name":"wp","href":"https:\/\/api.w.org\/{rel}","templated":true}]}}