{"id":686,"date":"2022-12-20T13:23:46","date_gmt":"2022-12-20T13:23:46","guid":{"rendered":"https:\/\/muyferiado.com.ar\/?p=686"},"modified":"2022-12-20T13:27:13","modified_gmt":"2022-12-20T13:27:13","slug":"feriado-historico-en-la-argentina-para-celebrar-la-llegada-de-la-seleccion-al-pais","status":"publish","type":"post","link":"https:\/\/muyferiado.com.ar\/?p=686","title":{"rendered":"Feriado hist\u00f3rico en la Argentina para celebrar la llegada de la Selecci\u00f3n al pa\u00eds"},"content":{"rendered":"\n<p>El Gobierno nacional oficializ\u00f3 la medida para \u201cque el pueblo argentino pueda festejar en paz y en uni\u00f3n, compartiendo la alegr\u00eda con nuestros jugadores y cuerpo t\u00e9cnico\u201d.<\/p>\n\n\n\n<p>En el Decreto tambi\u00e9n se aclar\u00f3 que \u201catento la proximidad del cierre del ejercicio 2022, resulta necesario que el personal de las instituciones bancarias y entidades financieras y de la Administraci\u00f3n Federal de Ingresos P\u00fablicos (AFIP) preste servicios hasta las 12:00 horas del d\u00eda 20 de diciembre\u201d.<\/p>\n\n\n\n<p>Las provincias de Tucum\u00e1n, Santa Fe y La Rioja no adherir\u00e1n.<\/p>\n\n\n\n<figure class=\"wp-block-image size-full\"><img fetchpriority=\"high\" decoding=\"async\" width=\"698\" height=\"460\" src=\"https:\/\/muyferiado.com.ar\/wp-content\/uploads\/2022\/12\/seleccion-caravanajpg.webp\" alt=\"\" class=\"wp-image-688\" srcset=\"https:\/\/muyferiado.com.ar\/wp-content\/uploads\/2022\/12\/seleccion-caravanajpg.webp 698w, https:\/\/muyferiado.com.ar\/wp-content\/uploads\/2022\/12\/seleccion-caravanajpg-300x198.webp 300w\" sizes=\"(max-width: 698px) 100vw, 698px\" \/><\/figure>\n\n\n\n<h2 class=\"wp-block-heading\">El texto completo del Decreto<\/h2>\n\n\n\n<p><br>VISTO Y CONSIDERANDO:<\/p>\n\n\n\n<p>Que el d\u00eda 18 de diciembre de 2022 la SELECCI\u00d3N MASCULINA ARGENTINA DE F\u00daTBOL se consagr\u00f3 CAMPEONA DEL MUNDO en la \u201cCopa Mundial de la FIFA CATAR 2022\u2033, obteniendo el tercer t\u00edtulo mundial en su historia.<\/p>\n\n\n\n<p>Que el plantel de la selecci\u00f3n argentina, liderado por su capit\u00e1n Lionel Andr\u00e9s MESSI y dirigido por su t\u00e9cnico Lionel Sebasti\u00e1n SCALONI, tras un arduo camino, defendi\u00f3 los colores celeste y blanco de nuestra bandera, ante una multitud de hinchas y simpatizantes que los alentaron desde todos los rincones de la patria, as\u00ed como desde los diferentes estadios donde se disputaron los partidos.<\/p>\n\n\n\n<p>Que la obtenci\u00f3n del t\u00edtulo en la Copa Mundial de F\u00fatbol 2022 es un merecido premio para todos los integrantes de la Selecci\u00f3n Argentina y su cuerpo t\u00e9cnico por su esp\u00edritu de lucha, esfuerzo, uni\u00f3n, perseverancia, trabajo en equipo y compromiso, quienes tuvieron el temple necesario para sobreponerse a las dificultades sin bajar jam\u00e1s los brazos, y se constituyeron como un ejemplo incuestionable para todo el pueblo argentino, demostrando que con s\u00f3lidos ideales, siempre juntos y unidos, se pueden alcanzar los objetivos propuestos.<\/p>\n\n\n\n<p>Que en este contexto, y toda vez que la SELECCI\u00d3N ARGENTINA regresar\u00e1 al pa\u00eds el d\u00eda martes 20 de diciembre de 2022, y con el fin de que el pueblo argentino pueda festejar en paz y en uni\u00f3n, compartiendo la alegr\u00eda con nuestros jugadores y su cuerpo t\u00e9cnico, resulta propicio declararlo Feriado Nacional.<\/p>\n\n\n\n<p>Que, no obstante lo expuesto, y atento la proximidad del cierre del ejercicio 2022 resulta necesario que el personal de las instituciones bancarias y entidades financieras y de la ADMINISTRACI\u00d3N FEDERAL DE INGRESOS P\u00daBLICOS (AFIP) preste servicios hasta las 12:00 horas del d\u00eda 20 de diciembre.<\/p>\n\n\n\n<p>Que la Ley N\u00ba 26.122 regula el tr\u00e1mite y los alcances de la intervenci\u00f3n del HONORABLE CONGRESO DE LA NACI\u00d3N respecto de los Decretos de Necesidad y Urgencia dictados por el PODER EJECUTIVO NACIONAL, en virtud de lo dispuesto por el art\u00edculo 99, inciso 3 de la CONSTITUCI\u00d3N NACIONAL.<\/p>\n\n\n\n<p>Que la citada ley determina que la COMISI\u00d3N BICAMERAL PERMANENTE tiene competencia para pronunciarse respecto de la validez o invalidez de los Decretos de Necesidad y Urgencia, as\u00ed como para elevar el dictamen al plenario de cada C\u00e1mara para su expreso tratamiento, en el plazo de DIEZ (10) d\u00edas h\u00e1biles.<\/p>\n\n\n\n<p>Que el art\u00edculo 22 de la Ley N\u00ba 26.122 dispone que las C\u00e1maras se pronuncien mediante sendas resoluciones y que el rechazo o aprobaci\u00f3n de los decretos deber\u00e1 ser expreso conforme lo establecido en el art\u00edculo 82 de la CONSTITUCI\u00d3N NACIONAL.<\/p>\n\n\n\n<p>Que la presente medida se dicta en uso de las atribuciones conferidas por el art\u00edculo 99, incisos 1 y 3 de la CONSTITUCI\u00d3N NACIONAL.<\/p>\n\n\n\n<p>Por ello, EL PRESIDENTE DE LA NACI\u00d3N ARGENTINA EN ACUERDO GENERAL DE MINISTROS DECRETA:<\/p>\n\n\n\n<p>ART\u00cdCULO 1\u00ba.- Decl\u00e1rase feriado nacional el d\u00eda 20 de diciembre de 2022 con el fin de que el pueblo argentino pueda festejar y compartir con la SELECCI\u00d3N MASCULINA ARGENTINA DE F\u00daTBOL el t\u00edtulo de Campeones Mundiales de F\u00fatbol obtenido en la \u201cCopa Mundial de la FIFA CATAR 2022\u2033.<\/p>\n\n\n\n<p>ART\u00cdCULO 2\u00ba.- Instr\u00fayese a los distintos organismos para que implementen las medidas necesarias a efectos de mantener la continuidad de los servicios esenciales.<\/p>\n\n\n\n<p>ART\u00cdCULO 3\u00ba.- Except\u00faase de lo dispuesto en el art\u00edculo 1\u00b0 del presente al personal de las instituciones bancarias y entidades financieras y de la ADMINISTRACI\u00d3N FEDERAL DE INGRESOS P\u00daBLICOS (AFIP), el que deber\u00e1 prestar servicios hasta las 12:00 horas.<\/p>\n\n\n\n<p>ART\u00cdCULO 4\u00b0.- Comun\u00edquese, publ\u00edquese, dese a la DIRECCI\u00d3N NACIONAL DEL REGISTRO OFICIAL y arch\u00edvese.<\/p>\n","protected":false},"excerpt":{"rendered":"<p>Este martes 20 de diciembre es feriado nacional, tras el DNU del Gobierno.<\/p>\n","protected":false},"author":2,"featured_media":687,"comment_status":"open","ping_status":"open","sticky":false,"template":"","format":"standard","meta":{"footnotes":""},"categories":[67,34],"tags":[36,55,53,54,73,56],"class_list":["post-686","post","type-post","status-publish","format-standard","has-post-thumbnail","hentry","category-deporte","category-feriado","tag-argentina","tag-futbol","tag-messi","tag-mundial","tag-qatar","tag-seleccion"],"aioseo_notices":[],"featured_image_urls":{"full":["https:\/\/muyferiado.com.ar\/wp-content\/uploads\/2022\/12\/obelisco.jpg",960,640,false],"thumbnail":["https:\/\/muyferiado.com.ar\/wp-content\/uploads\/2022\/12\/obelisco-150x150.jpg",150,150,true],"medium":["https:\/\/muyferiado.com.ar\/wp-content\/uploads\/2022\/12\/obelisco-300x200.jpg",300,200,true],"medium_large":["https:\/\/muyferiado.com.ar\/wp-content\/uploads\/2022\/12\/obelisco-768x512.jpg",640,427,true],"large":["https:\/\/muyferiado.com.ar\/wp-content\/uploads\/2022\/12\/obelisco.jpg",640,427,false],"1536x1536":["https:\/\/muyferiado.com.ar\/wp-content\/uploads\/2022\/12\/obelisco.jpg",960,640,false],"2048x2048":["https:\/\/muyferiado.com.ar\/wp-content\/uploads\/2022\/12\/obelisco.jpg",960,640,false],"elegant-magazine-featured":["https:\/\/muyferiado.com.ar\/wp-content\/uploads\/2022\/12\/obelisco.jpg",960,640,false],"elegant-magazine-medium":["https:\/\/muyferiado.com.ar\/wp-content\/uploads\/2022\/12\/obelisco-720x380.jpg",720,380,true],"elegant-magazine-medium-small":["https:\/\/muyferiado.com.ar\/wp-content\/uploads\/2022\/12\/obelisco-300x200.jpg",300,200,true],"elegant-magazine-thumbnail-small":["https:\/\/muyferiado.com.ar\/wp-content\/uploads\/2022\/12\/obelisco-50x50.jpg",50,50,true]},"author_info":{"display_name":"Muy Feriado","author_link":"https:\/\/muyferiado.com.ar\/?author=2"},"category_info":"<a href=\"https:\/\/muyferiado.com.ar\/?cat=67\" rel=\"category\">Deporte<\/a> <a href=\"https:\/\/muyferiado.com.ar\/?cat=34\" rel=\"category\">Feriado<\/a>","tag_info":"Feriado","comment_count":"0","_links":{"self":[{"href":"https:\/\/muyferiado.com.ar\/index.php?rest_route=\/wp\/v2\/posts\/686","targetHints":{"allow":["GET"]}}],"collection":[{"href":"https:\/\/muyferiado.com.ar\/index.php?rest_route=\/wp\/v2\/posts"}],"about":[{"href":"https:\/\/muyferiado.com.ar\/index.php?rest_route=\/wp\/v2\/types\/post"}],"author":[{"embeddable":true,"href":"https:\/\/muyferiado.com.ar\/index.php?rest_route=\/wp\/v2\/users\/2"}],"replies":[{"embeddable":true,"href":"https:\/\/muyferiado.com.ar\/index.php?rest_route=%2Fwp%2Fv2%2Fcomments&post=686"}],"version-history":[{"count":4,"href":"https:\/\/muyferiado.com.ar\/index.php?rest_route=\/wp\/v2\/posts\/686\/revisions"}],"predecessor-version":[{"id":698,"href":"https:\/\/muyferiado.com.ar\/index.php?rest_route=\/wp\/v2\/posts\/686\/revisions\/698"}],"wp:featuredmedia":[{"embeddable":true,"href":"https:\/\/muyferiado.com.ar\/index.php?rest_route=\/wp\/v2\/media\/687"}],"wp:attachment":[{"href":"https:\/\/muyferiado.com.ar\/index.php?rest_route=%2Fwp%2Fv2%2Fmedia&parent=686"}],"wp:term":[{"taxonomy":"category","embeddable":true,"href":"https:\/\/muyferiado.com.ar\/index.php?rest_route=%2Fwp%2Fv2%2Fcategories&post=686"},{"taxonomy":"post_tag","embeddable":true,"href":"https:\/\/muyferiado.com.ar\/index.php?rest_route=%2Fwp%2Fv2%2Ftags&post=686"}],"curies":[{"name":"wp","href":"https:\/\/api.w.org\/{rel}","templated":true}]}}