{"id":678,"date":"2022-12-07T14:42:00","date_gmt":"2022-12-07T14:42:00","guid":{"rendered":"https:\/\/muyferiado.com.ar\/?p=678"},"modified":"2022-12-08T17:58:20","modified_gmt":"2022-12-08T17:58:20","slug":"diciembre-con-feriados-y-celebraciones","status":"publish","type":"post","link":"https:\/\/muyferiado.com.ar\/?p=678","title":{"rendered":"Diciembre con feriados y celebraciones"},"content":{"rendered":"\n<p>Desde el jueves 8 comienza con el D\u00eda de la Virgen un calendario de celebraciones que se despliega por todo el pa\u00eds, para disfrutar de actividades deportivas, festivales gastron\u00f3micos, jineteadas y actividades de verano.<\/p>\n\n\n\n<p><strong>Ciudad de Buenos Aires<\/strong><\/p>\n\n\n\n<p>Hasta el 18 de diciembre la Plaza Francisco Seeber (av. Del Libertador y av. Sarmiento) ser\u00e1 un espacio ideal para alentar a la Selecci\u00f3n argentina y compartir los partidos en pantalla gigante. Adem\u00e1s, habr\u00e1 m\u00fasica, charlas, juegos y un patio gastron\u00f3mico.&nbsp;La entrada es libre y gratuita, con reserva previa:<\/p>\n\n\n\n<p><a href=\"https:\/\/www.formulariosgcba.gob.ar\/lVPmwqM1Y8YPKQepbBZ5\/canal\/web\">https:\/\/www.formulariosgcba.gob.ar\/lVPmwqM1Y8YPKQepbBZ5\/canal\/web<\/a><\/p>\n\n\n\n<p>El s\u00e1bado 10 a la noche se realiza la Gran Milonga Nacional en la Avenida de Mayo, que se convertir\u00e1 en una gran pista de baile desde Plaza de Mayo a la avenida 9 de Julio, con orquestas y bailarines.<\/p>\n\n\n\n<p><\/p>\n\n\n\n<p><strong>Buenos Aires<\/strong><\/p>\n\n\n\n<p>El partido de La Costa tiene entre sus propuestas la 15\u00b0 Fiesta de la Sociedad de Fomento de Mar del Aj\u00f3; el programa \u00abMeditaci\u00f3n de Luna Llena\u00bb, en el parador municipal de la avenida Costanera de San Bernardo; y el Ballet de La Costa, en Mar de Aj\u00f3.<\/p>\n\n\n\n<p>El municipio de Coronel Dorrego organiza \u201cDorrego Festeja\u00bb del 16 al 18, un festival con patio de comidas, artesanos, emprendedores y espect\u00e1culos musicales. Para la apertura estar\u00e1n el grupo Iyassi y la Dj Lourdes Fernandez. El s\u00e1bado se presentar\u00e1n Juan Francisco, KHZ -Exland &#8211; Pablo C, Catalina Maple, Leandro Abdala, Calo Cumbia, Cumbia Nena y Dj Pane Show. El viernes participar\u00e1n Pallets, Trizas en el Aire, F\u00f3sforo MH, Kapanga y Dj Lea Roth.<\/p>\n\n\n\n<p><strong>Catamarca<\/strong><\/p>\n\n\n\n<p>Catamarca vive las festividades en honor a la Virgen del Valle que comenz\u00f3 el 28 de noviembre con la tradicional \u00abbajada\u00bb de la imagen desde el camar\u00edn hasta el presbiterio de la Catedral Bas\u00edlica, que culmina el jueves 8 en el parque Ad\u00e1n Quiroga con la Solemne Procesi\u00f3n, de la que participan miles de peregrinos de distintas partes del pa\u00eds.<\/p>\n\n\n\n<p><strong>Chubut<\/strong><\/p>\n\n\n\n<p>En la Aldea Apeleg, entre el 10 y el 11, ser\u00e1 la \u00abFiesta Regional del Domador\u00bb, mientras el 17 en Playa Uni\u00f3n se realizar\u00e1 la apertura de la temporada de verano con festival incluido, algo similar a lo que presentar\u00e1 Puerto Madryn, en el fin de semana extra largo que va del 8 al 11, con espect\u00e1culos montados al aire libre.<\/p>\n\n\n\n<p><strong>Formosa<\/strong><\/p>\n\n\n\n<p>El jueves 8 es la inauguraci\u00f3n de \u201cFormosa Brilla\u201d, un espect\u00e1culo navide\u00f1o en el Paseo Costanero capitalino y la Avenida 25 de Mayo. Exhibe vistosas ornamentaciones que incluyen un \u00c1rbol Navide\u00f1o con m\u00e1s de 30 metros de altura en la Plaza de las Banderas.<\/p>\n\n\n\n<p><strong>Jujuy<\/strong><\/p>\n\n\n\n<p>La localidad de Huacalera celebrar\u00e1 el jueves 8 su fiesta patronal en honor a la Inmaculada Concepci\u00f3n de Mar\u00eda, que recibe peregrinos de distintas zonas de la provincia.<\/p>\n\n\n\n<p>A partir del viernes 16, m\u00e1s de 200 artistas juje\u00f1os protagonizar\u00e1n un ciclo de conciertos y una feria de artesan\u00edas a desarrollarse en plaza Espa\u00f1a, ubicada en la parte posterior de la Casa de Gobierno local.<br>El programa de actividades incluye 12 jornadas con propuestas para las infancias, clases sobre gastronom\u00eda, especiales nocturnos de Navidad y fin de a\u00f1o, entre otros.<\/p>\n\n\n\n<p><strong>Neuqu\u00e9n<\/strong><\/p>\n\n\n\n<p>En Neuqu\u00e9n, del 8 al 12 de diciembre se realizar\u00e1 la 32\u00b0 edici\u00f3n de la Fiesta Provincial de la Cueca y la Lana en la localidad de Las Ovejas, con concursos de cueca y esquila, bailes de danzas folcl\u00f3ricas, destrezas criollas y espect\u00e1culos musicales.<\/p>\n\n\n\n<p>Adem\u00e1s, se realizar\u00e1 el Trab\u00fan (\u00abencuentro\u00bb en lengua mapuche) en San Mart\u00edn de los Andes, una fiesta popular que se realiza desde 1984 en la que participan m\u00fasicos, artesanos, puestos con gastronom\u00eda local y turistas de todo el pa\u00eds.<\/p>\n\n\n\n<p><strong>Rio Negro<\/strong><\/p>\n\n\n\n<p>En R\u00edo Negro, la ciudad de Cervantes tendr\u00e1 una nueva final del Campeonato Provincial de Jineteada, con entrada libre y gratuita, baile campero y animadores y payadores, y adem\u00e1s se conocer\u00e1 qu\u00e9 jinetes representar\u00e1n a la provincia en el Festival de Jes\u00fas Mar\u00eda 2023.<\/p>\n\n\n\n<p>En tanto, Sierra Colorada vivir\u00e1 la 27\u00b0 edici\u00f3n de la Fiesta Provincial del Cordero Patag\u00f3nico, del 9 al 11, en el Gimnasio Municipal y con entrada gratuita, donde habr\u00e1 m\u00e1s de 260 corderos al asador, artistas locales, regionales y nacionales como los Tekis, Los Cumpas y Samuel Cisterna.<\/p>\n\n\n\n<p><strong>Salta<\/strong><\/p>\n\n\n\n<p>Salta tendr\u00e1 su tercera Fiesta de la Empanada Salte\u00f1a el domingo 11 en la plaza Gurruchaga, donde adem\u00e1s habr\u00e1 bandas en vivo y sorteos.&nbsp;<\/p>\n\n\n\n<p>El s\u00e1bado 10 por la noche se realizar\u00e1 un Carnaval Veneciano, 3\u00b0 Festa della Maschera, en la Sociedad Italiana, con comparsas aleg\u00f3ricas, trajes t\u00edpicos y platos tradicionales, con la actuaci\u00f3n de la Camerata Stradivari y el Ballet Emilia Martearena.<\/p>\n\n\n\n<p><strong>San Juan<\/strong><\/p>\n\n\n\n<p>Del 9 al 11 de diciembre es la carrera automovil\u00edstica \u00abTC Coronaci\u00f3n\u00bb, que definir\u00e1 al ganador de la Copa de Oro en el circuito El Villcum. <\/p>\n\n\n\n<p>En tanto, del 8 al 10 se disputar\u00e1 el Campeonato Argentino ILCA 2022, que tendr\u00e1 como base el Club Vela y Remo en el Dique de Ull\u00fam, con la participaci\u00f3n de destacados veleristas.<\/p>\n\n\n\n<p><strong>Santiago del Estero<\/strong><\/p>\n\n\n\n<p>La provincia de Santiago del Estero propone para diciembre una agenda cargada de eventos deportivos, culturales y religiosos de amplia convocatoria, a nivel nacional e internacional.<\/p>\n\n\n\n<p>Del 14 al 18 los seleccionados nacionales de hockey Las Leonas y Los Leones disputar\u00e1n partidos de las fechas de la Pro League, contra Gran Breta\u00f1a y Pa\u00edses Bajos.<\/p>\n\n\n\n<p>El 26 es la Fiesta Patronal de San Esteban, en Sumamao, con una devoci\u00f3n muy particular que conserva diferentes rituales antiguos, como carreras de caballos, m\u00fasica, trote de promesantes por unos 50 kil\u00f3metros para llegar hasta la capilla con la imagen del santo.&nbsp;<\/p>\n\n\n\n<p><strong>Tierra del Fuego<\/strong><\/p>\n\n\n\n<p>Tierra del Fuego tendr\u00e1 fiestas como la del r\u00f3balo y la lenga, adem\u00e1s de la celebraci\u00f3n del d\u00eda m\u00e1s largo del a\u00f1o y una serie de competencias de ciclismo, atletismo en monta\u00f1a y rugby.<\/p>\n\n\n\n<p>La \u201cFiesta Provincial de la Lenga\u201d se llevar\u00e1 adelante entre el 8 y el 11 de diciembre en el municipio de Tolhuin a partir de la tradici\u00f3n de la actividad forestal mediante una competencia que comprende esculturas en madera, destrezas con hacha y motosierra, carrera con tronco al hombro y palo enjabonado, entre otros.<\/p>\n\n\n\n<p>A su vez, cada 21 de diciembre los fueguinos celebran la llegada del verano y el d\u00eda m\u00e1s largo del a\u00f1o con el \u201cFestival Sol a Sol\u201d, con una serie de manifestaciones art\u00edsticas y ofertas gastron\u00f3micas en Ushuaia y R\u00edo Grande.<\/p>\n\n\n\n<p>En relaci\u00f3n a las competencias deportivas, se espera el \u201cUshuaia Trail Race-Fin del Mundo\u201d, una carrera de monta\u00f1a que combina desaf\u00edos t\u00e9cnicos con el recorrido por paisajes \u00fanicos, y una nueva edici\u00f3n del \u201cRally de los Lagos\u201d, la competencia de Mountain Bike que se realiza en Tolhuin por etapas; mientras Ushuaia ser\u00e1 sede de la 35 edici\u00f3n del \u201cSeven del Fin del Mundo\u201d, una competencia de rugby vigente desde 1987.<\/p>\n\n\n\n<p><\/p>\n\n\n\n<p><\/p>\n\n\n\n<p><\/p>\n\n\n\n<p><em>Con informaci\u00f3n de T\u00e9lam<\/em><\/p>\n","protected":false},"excerpt":{"rendered":"<p>Lleg\u00f3 el \u00faltimo fin de semana largo del a\u00f1o con dos feriados para descansar y disfrutar del Mundial de Qatar 2022.<\/p>\n","protected":false},"author":2,"featured_media":679,"comment_status":"open","ping_status":"open","sticky":true,"template":"","format":"standard","meta":{"footnotes":""},"categories":[25],"tags":[36],"class_list":["post-678","post","type-post","status-publish","format-standard","has-post-thumbnail","hentry","category-eventos","tag-argentina"],"aioseo_notices":[],"featured_image_urls":{"full":["https:\/\/muyferiado.com.ar\/wp-content\/uploads\/2022\/12\/Formosa.jpg",681,454,false],"thumbnail":["https:\/\/muyferiado.com.ar\/wp-content\/uploads\/2022\/12\/Formosa-150x150.jpg",150,150,true],"medium":["https:\/\/muyferiado.com.ar\/wp-content\/uploads\/2022\/12\/Formosa-300x200.jpg",300,200,true],"medium_large":["https:\/\/muyferiado.com.ar\/wp-content\/uploads\/2022\/12\/Formosa.jpg",640,427,false],"large":["https:\/\/muyferiado.com.ar\/wp-content\/uploads\/2022\/12\/Formosa.jpg",640,427,false],"1536x1536":["https:\/\/muyferiado.com.ar\/wp-content\/uploads\/2022\/12\/Formosa.jpg",681,454,false],"2048x2048":["https:\/\/muyferiado.com.ar\/wp-content\/uploads\/2022\/12\/Formosa.jpg",681,454,false],"elegant-magazine-featured":["https:\/\/muyferiado.com.ar\/wp-content\/uploads\/2022\/12\/Formosa.jpg",681,454,false],"elegant-magazine-medium":["https:\/\/muyferiado.com.ar\/wp-content\/uploads\/2022\/12\/Formosa-681x380.jpg",681,380,true],"elegant-magazine-medium-small":["https:\/\/muyferiado.com.ar\/wp-content\/uploads\/2022\/12\/Formosa-300x200.jpg",300,200,true],"elegant-magazine-thumbnail-small":["https:\/\/muyferiado.com.ar\/wp-content\/uploads\/2022\/12\/Formosa-50x50.jpg",50,50,true]},"author_info":{"display_name":"Muy Feriado","author_link":"https:\/\/muyferiado.com.ar\/?author=2"},"category_info":"<a href=\"https:\/\/muyferiado.com.ar\/?cat=25\" rel=\"category\">Eventos<\/a>","tag_info":"Eventos","comment_count":"0","_links":{"self":[{"href":"https:\/\/muyferiado.com.ar\/index.php?rest_route=\/wp\/v2\/posts\/678","targetHints":{"allow":["GET"]}}],"collection":[{"href":"https:\/\/muyferiado.com.ar\/index.php?rest_route=\/wp\/v2\/posts"}],"about":[{"href":"https:\/\/muyferiado.com.ar\/index.php?rest_route=\/wp\/v2\/types\/post"}],"author":[{"embeddable":true,"href":"https:\/\/muyferiado.com.ar\/index.php?rest_route=\/wp\/v2\/users\/2"}],"replies":[{"embeddable":true,"href":"https:\/\/muyferiado.com.ar\/index.php?rest_route=%2Fwp%2Fv2%2Fcomments&post=678"}],"version-history":[{"count":4,"href":"https:\/\/muyferiado.com.ar\/index.php?rest_route=\/wp\/v2\/posts\/678\/revisions"}],"predecessor-version":[{"id":681,"href":"https:\/\/muyferiado.com.ar\/index.php?rest_route=\/wp\/v2\/posts\/678\/revisions\/681"}],"wp:featuredmedia":[{"embeddable":true,"href":"https:\/\/muyferiado.com.ar\/index.php?rest_route=\/wp\/v2\/media\/679"}],"wp:attachment":[{"href":"https:\/\/muyferiado.com.ar\/index.php?rest_route=%2Fwp%2Fv2%2Fmedia&parent=678"}],"wp:term":[{"taxonomy":"category","embeddable":true,"href":"https:\/\/muyferiado.com.ar\/index.php?rest_route=%2Fwp%2Fv2%2Fcategories&post=678"},{"taxonomy":"post_tag","embeddable":true,"href":"https:\/\/muyferiado.com.ar\/index.php?rest_route=%2Fwp%2Fv2%2Ftags&post=678"}],"curies":[{"name":"wp","href":"https:\/\/api.w.org\/{rel}","templated":true}]}}