{"id":670,"date":"2023-01-18T00:20:48","date_gmt":"2023-01-18T00:20:48","guid":{"rendered":"https:\/\/muyferiado.com.ar\/?p=670"},"modified":"2023-01-18T00:22:14","modified_gmt":"2023-01-18T00:22:14","slug":"feriados-dias-no-laborables-y-turisticos-2023","status":"publish","type":"post","link":"https:\/\/muyferiado.com.ar\/?p=670","title":{"rendered":"Feriados, d\u00edas no laborables y tur\u00edsticos 2023"},"content":{"rendered":"\n<p>En la Argentina existen los feriados inamovibles, los feriados trasladables, los d\u00edas no laborables y los d\u00edas con fines tur\u00edsticos. Para seguir cada una de estas fechas, compartimos el listado del calendario del pa\u00eds.<\/p>\n\n\n\n<p>Los&nbsp;<strong>feriados nacionales inamovibles<\/strong>&nbsp;se rigen por la Ley de Establecimiento de Feriados y Fines de Semanas Largos y no pueden cambiarse de fecha.<\/p>\n\n\n\n<p>En cambio, los&nbsp;<strong>feriados trasladables<\/strong>&nbsp;cuyas fechas coinciden con los d\u00edas martes y mi\u00e9rcoles se pasan al lunes anterior. Aquellos que coincidan con los d\u00edas jueves y viernes se cambian al d\u00eda lunes siguiente.<\/p>\n\n\n\n<p>El Poder Ejecutivo nacional tambi\u00e9n puede establecer adicionalmente hasta tres d\u00edas feriados o no laborables por a\u00f1o con&nbsp;<strong>fines tur\u00edsticos<\/strong>. <\/p>\n\n\n\n<h3 class=\"wp-block-heading\">Enero<\/h3>\n\n\n\n<p>domingo 1\u00b0: A\u00f1o Nuevo.<\/p>\n\n\n\n<h3 class=\"wp-block-heading\">Febrero<\/h3>\n\n\n\n<p>lunes 20 y martes 21: Carnaval.<\/p>\n\n\n\n<h3 class=\"wp-block-heading\">Marzo<\/h3>\n\n\n\n<p>viernes 24: D\u00eda Nacional de la Memoria por la Verdad y la Justicia<\/p>\n\n\n\n<h3 class=\"wp-block-heading\">Abril<\/h3>\n\n\n\n<p>domingo 2: D\u00eda del Veterano y de los Ca\u00eddos en la Guerra de Malvinas<\/p>\n\n\n\n<p>jueves 6: Jueves Santo Festividad Cristiana<\/p>\n\n\n\n<p>viernes 7: Viernes Santo Festividad Cristiana<\/p>\n\n\n\n<p>jueves 6 y viernes 7: Primeros dos d\u00edas de la Pascua Jud\u00eda <em>(para habitantes que profesen la Religi\u00f3n Jud\u00eda&nbsp;)<\/em><\/p>\n\n\n\n<p>mi\u00e9rcoles 12 y jueves 13: \u00daltimos dos d\u00edas de la Pascua Jud\u00eda <em>(para habitantes que profesen la Religi\u00f3n Jud\u00eda)<\/em><\/p>\n\n\n\n<p>viernes 21: Fiesta de la Ruptura del Ayuno del Sagrado Mes de Ramad\u00e1n (Id al-Fitr) <em>(para habitantes que profesen la Religi\u00f3n Isl\u00e1mica)<\/em><\/p>\n\n\n\n<p>lunes 24: D\u00eda de acci\u00f3n por la tolerancia y el respeto entre los pueblos <em>(Los empleados y funcionarios de organismos p\u00fablicos y los alumnos de origen armenio quedan autorizados a disponer libremente de este d\u00eda para poder asistir y participar de las actividades que se realicen en conmemoraci\u00f3n de la tragedia que afect\u00f3 a su comunidad)<\/em><\/p>\n\n\n\n<h3 class=\"wp-block-heading\">Mayo<\/h3>\n\n\n\n<p>lunes 1: D\u00eda del Trabajador<\/p>\n\n\n\n<p>jueves 25: D\u00eda de la Revoluci\u00f3n de Mayo<\/p>\n\n\n\n<p>viernes 26: Feriado con fines tur\u00edsticos<\/p>\n\n\n\n<h3 class=\"wp-block-heading\">Junio<\/h3>\n\n\n\n<p>s\u00e1bado 17: Paso a la Inmortalidad del Gral. Don Mart\u00edn Miguel de G\u00fcemes<\/p>\n\n\n\n<p>lunes 19: Feriado con fines tur\u00edsticos<\/p>\n\n\n\n<p>martes 20: Paso a la Inmortalidad del Gral. Manuel Belgrano<\/p>\n\n\n\n<p>mi\u00e9rcoles 28: Fiesta del Sacrificio  <em>(para habitantes que profesen la Religi\u00f3n Isl\u00e1mica)<\/em><\/p>\n\n\n\n<h3 class=\"wp-block-heading\">Julio<\/h3>\n\n\n\n<p>domingo 9: D\u00eda de la Independencia<\/p>\n\n\n\n<p>mi\u00e9rcoles 19: A\u00f1o Nuevo Isl\u00e1mico  <em>(para habitantes que profesen la Religi\u00f3n Isl\u00e1mica)<\/em><\/p>\n\n\n\n<h3 class=\"wp-block-heading\">Agosto<\/h3>\n\n\n\n<p>lunes 21: Paso a la Inmortalidad del Gral. Jos\u00e9 de San Mart\u00edn (17\/8)<\/p>\n\n\n\n<h3 class=\"wp-block-heading\">Septiembre<\/h3>\n\n\n\n<p>s\u00e1bado 16 y domingo 17: A\u00f1o Nuevo Jud\u00edo<em> (para habitantes que profesen la Religi\u00f3n Jud\u00eda)<\/em><\/p>\n\n\n\n<p>lunes 25: D\u00eda del Perd\u00f3n <em>(para habitantes que profesen la Religi\u00f3n Jud\u00eda)<\/em><\/p>\n\n\n\n<h3 class=\"wp-block-heading\">Octubre<\/h3>\n\n\n\n<p>viernes 13: Feriado con fines tur\u00edsticos<\/p>\n\n\n\n<p>lunes 16: D\u00eda del Respeto a la Diversidad Cultural (12\/10)<\/p>\n\n\n\n<h3 class=\"wp-block-heading\">Noviembre<\/h3>\n\n\n\n<p>lunes 20: D\u00eda de la Soberan\u00eda Nacional<\/p>\n\n\n\n<h3 class=\"wp-block-heading\">Diciembre<\/h3>\n\n\n\n<p>viernes 8: Inmaculada Concepci\u00f3n de Mar\u00eda<\/p>\n\n\n\n<p>lunes 25: Navidad<\/p>\n","protected":false},"excerpt":{"rendered":"<p>Argentina tendr\u00e1 19 feriados, incluyendo 4 fines de semana largos.<\/p>\n","protected":false},"author":2,"featured_media":707,"comment_status":"open","ping_status":"open","sticky":false,"template":"","format":"standard","meta":{"footnotes":""},"categories":[34,3],"tags":[78,36],"class_list":["post-670","post","type-post","status-publish","format-standard","has-post-thumbnail","hentry","category-feriado","category-feriado-largo","tag-78","tag-argentina"],"aioseo_notices":[],"featured_image_urls":{"full":["https:\/\/muyferiado.com.ar\/wp-content\/uploads\/2023\/01\/feriados2023-argentina.jpg",900,527,false],"thumbnail":["https:\/\/muyferiado.com.ar\/wp-content\/uploads\/2023\/01\/feriados2023-argentina-150x150.jpg",150,150,true],"medium":["https:\/\/muyferiado.com.ar\/wp-content\/uploads\/2023\/01\/feriados2023-argentina-300x176.jpg",300,176,true],"medium_large":["https:\/\/muyferiado.com.ar\/wp-content\/uploads\/2023\/01\/feriados2023-argentina-768x450.jpg",640,375,true],"large":["https:\/\/muyferiado.com.ar\/wp-content\/uploads\/2023\/01\/feriados2023-argentina.jpg",640,375,false],"1536x1536":["https:\/\/muyferiado.com.ar\/wp-content\/uploads\/2023\/01\/feriados2023-argentina.jpg",900,527,false],"2048x2048":["https:\/\/muyferiado.com.ar\/wp-content\/uploads\/2023\/01\/feriados2023-argentina.jpg",900,527,false],"elegant-magazine-featured":["https:\/\/muyferiado.com.ar\/wp-content\/uploads\/2023\/01\/feriados2023-argentina.jpg",900,527,false],"elegant-magazine-medium":["https:\/\/muyferiado.com.ar\/wp-content\/uploads\/2023\/01\/feriados2023-argentina-720x380.jpg",720,380,true],"elegant-magazine-medium-small":["https:\/\/muyferiado.com.ar\/wp-content\/uploads\/2023\/01\/feriados2023-argentina-300x200.jpg",300,200,true],"elegant-magazine-thumbnail-small":["https:\/\/muyferiado.com.ar\/wp-content\/uploads\/2023\/01\/feriados2023-argentina-50x50.jpg",50,50,true]},"author_info":{"display_name":"Muy Feriado","author_link":"https:\/\/muyferiado.com.ar\/?author=2"},"category_info":"<a href=\"https:\/\/muyferiado.com.ar\/?cat=34\" rel=\"category\">Feriado<\/a> <a href=\"https:\/\/muyferiado.com.ar\/?cat=3\" rel=\"category\">Feriado largo<\/a>","tag_info":"Feriado largo","comment_count":"1","_links":{"self":[{"href":"https:\/\/muyferiado.com.ar\/index.php?rest_route=\/wp\/v2\/posts\/670","targetHints":{"allow":["GET"]}}],"collection":[{"href":"https:\/\/muyferiado.com.ar\/index.php?rest_route=\/wp\/v2\/posts"}],"about":[{"href":"https:\/\/muyferiado.com.ar\/index.php?rest_route=\/wp\/v2\/types\/post"}],"author":[{"embeddable":true,"href":"https:\/\/muyferiado.com.ar\/index.php?rest_route=\/wp\/v2\/users\/2"}],"replies":[{"embeddable":true,"href":"https:\/\/muyferiado.com.ar\/index.php?rest_route=%2Fwp%2Fv2%2Fcomments&post=670"}],"version-history":[{"count":4,"href":"https:\/\/muyferiado.com.ar\/index.php?rest_route=\/wp\/v2\/posts\/670\/revisions"}],"predecessor-version":[{"id":708,"href":"https:\/\/muyferiado.com.ar\/index.php?rest_route=\/wp\/v2\/posts\/670\/revisions\/708"}],"wp:featuredmedia":[{"embeddable":true,"href":"https:\/\/muyferiado.com.ar\/index.php?rest_route=\/wp\/v2\/media\/707"}],"wp:attachment":[{"href":"https:\/\/muyferiado.com.ar\/index.php?rest_route=%2Fwp%2Fv2%2Fmedia&parent=670"}],"wp:term":[{"taxonomy":"category","embeddable":true,"href":"https:\/\/muyferiado.com.ar\/index.php?rest_route=%2Fwp%2Fv2%2Fcategories&post=670"},{"taxonomy":"post_tag","embeddable":true,"href":"https:\/\/muyferiado.com.ar\/index.php?rest_route=%2Fwp%2Fv2%2Ftags&post=670"}],"curies":[{"name":"wp","href":"https:\/\/api.w.org\/{rel}","templated":true}]}}