{"id":592,"date":"2022-10-22T01:05:10","date_gmt":"2022-10-22T01:05:10","guid":{"rendered":"https:\/\/muyferiado.com.ar\/?p=592"},"modified":"2022-10-30T03:40:54","modified_gmt":"2022-10-30T03:40:54","slug":"cuatro-lugares-escondidos-de-la-argentina-para-descubrir","status":"publish","type":"post","link":"https:\/\/muyferiado.com.ar\/?p=592","title":{"rendered":"Cuatro lugares escondidos de la Argentina para descubrir"},"content":{"rendered":"\n<p>El territorio argentino es conocido por su variedad geogr\u00e1fica y sus diferencias clim\u00e1ticas. Posee llanuras, selvas, bosques, sierras, desiertos, monta\u00f1as y un extenso litoral mar\u00edtimo. Con esta amplia cantidad de opciones para los viajeros, invita permanentemente a entrar en sinton\u00eda con nuevos paisajes y conocer lugares de pel\u00edcula.<\/p>\n\n\n\n<h3 class=\"wp-block-heading\"><strong>Cusi Cusi&nbsp;<\/strong><\/h3>\n\n\n\n<p>En Jujuy existe un valle con extra\u00f1as formas y colores \u201cmarcianos\u201d a la vera de la Ruta Nacional N\u00b040. Con una formaci\u00f3n geol\u00f3gica \u00fanica ofrece miradores para disfrutar el extenso valle y sus picos con tonos rojizos, grises y morados.&nbsp;<\/p>\n\n\n\n<p>Por la extrema aridez, el \u00e1rea casi no tiene vegetaci\u00f3n y con el transcurso de los a\u00f1os se fueron creando domos, quebradas y columnas. La mejor \u00e9poca para conocerlo es de marzo a abril y de octubre a noviembre.<\/p>\n\n\n\n<figure class=\"wp-block-embed is-type-video is-provider-youtube wp-block-embed-youtube wp-embed-aspect-16-9 wp-has-aspect-ratio\"><div class=\"wp-block-embed__wrapper\">\n<iframe title=\"JUJUY, UN DESTINO DE PEL\u00cdCULA\" width=\"640\" height=\"360\" src=\"https:\/\/www.youtube.com\/embed\/h6iLJE6KpRo?feature=oembed\" frameborder=\"0\" allow=\"accelerometer; autoplay; clipboard-write; encrypted-media; gyroscope; picture-in-picture; web-share\" referrerpolicy=\"strict-origin-when-cross-origin\" allowfullscreen><\/iframe>\n<\/div><\/figure>\n\n\n\n<p><\/p>\n\n\n\n<h3 class=\"wp-block-heading\"><strong>Campo de Piedra P\u00f3mez<\/strong><\/h3>\n\n\n\n<p>A 63 km de la villa de Antofagasta y a 10 km de la localidad de El Pe\u00f1\u00f3n en la provincia de Catamarca, se ubica un lugar m\u00e1gico. Se trata del Campo de Piedra P\u00f3mez que est\u00e1 a una altura promedio de 3.000 metros sobre el nivel del mar.&nbsp;<\/p>\n\n\n\n<p>Para acceder a este paisaje \u00fanico desde la ruta provincial N\u00ba 43 hay que transitar por un veh\u00edculo 4\u00d74. Por las caracter\u00edsticas de la zona es recomendable ir con un gu\u00eda local o contratar una excursi\u00f3n.<\/p>\n\n\n\n<p>Los colores que var\u00edan seg\u00fan el momento del d\u00eda y la forma que adopten los rayos del sol, que van desde un tono anaranjado pasando por amarillo, hasta llegar al blanco t\u00edpico de la piedra.<\/p>\n\n\n\n<figure class=\"wp-block-image size-full\"><img fetchpriority=\"high\" decoding=\"async\" width=\"1020\" height=\"680\" src=\"https:\/\/muyferiado.com.ar\/wp-content\/uploads\/2022\/10\/Campo-de-Piedra-Pomez.jpg\" alt=\"\" class=\"wp-image-593\" srcset=\"https:\/\/muyferiado.com.ar\/wp-content\/uploads\/2022\/10\/Campo-de-Piedra-Pomez.jpg 1020w, https:\/\/muyferiado.com.ar\/wp-content\/uploads\/2022\/10\/Campo-de-Piedra-Pomez-300x200.jpg 300w, https:\/\/muyferiado.com.ar\/wp-content\/uploads\/2022\/10\/Campo-de-Piedra-Pomez-768x512.jpg 768w\" sizes=\"(max-width: 1020px) 100vw, 1020px\" \/><\/figure>\n\n\n\n<h3 class=\"wp-block-heading\"><strong>Valle de Iglesia&nbsp;<\/strong><\/h3>\n\n\n\n<p>Al noroeste de la ciudad de San Juan est\u00e1 ubicado el Valle de Iglesia, un lugar para recorrer desde sitios arqueol\u00f3gicos hasta realizar windsurf y kitesurf.<\/p>\n\n\n\n<p>El Dique Cuesta del Viento es un escenario privilegiado para distintos deportes acu\u00e1ticos, por eso genera un lugar de encuentro donde riders de todo el mundo muestran sus habilidades.&nbsp;<\/p>\n\n\n\n<p>Adem\u00e1s, en la localidad de Rodeo est\u00e1 ubicada la Intendencia del <a href=\"https:\/\/www.argentina.gob.ar\/parquesnacionales\/sanguillermo\" target=\"_blank\" rel=\"noopener\" title=\"\">Parque Nacional y Reserva de la Biosfera San Guillermo<\/a>. Aunque por su dif\u00edcil acceso se gan\u00f3 la fama de lugar solitario y extremo, posee una singular belleza producto de sus abruptas quebradas y los vastos llanos de altura, que se extienden entre la Cordillera de los Andes y los cordones precordilleranos.&nbsp;Para el acceso a este Parque es requisito obligatorio estar acompa\u00f1ado por un gu\u00eda de turismo habilitado o acordar la visita con un operador tur\u00edstico. <\/p>\n\n\n\n<figure class=\"wp-block-image size-full\"><img decoding=\"async\" width=\"1000\" height=\"561\" src=\"https:\/\/muyferiado.com.ar\/wp-content\/uploads\/2022\/10\/DiqueCuestadelViento.jpg\" alt=\"\" class=\"wp-image-594\" srcset=\"https:\/\/muyferiado.com.ar\/wp-content\/uploads\/2022\/10\/DiqueCuestadelViento.jpg 1000w, https:\/\/muyferiado.com.ar\/wp-content\/uploads\/2022\/10\/DiqueCuestadelViento-300x168.jpg 300w, https:\/\/muyferiado.com.ar\/wp-content\/uploads\/2022\/10\/DiqueCuestadelViento-768x431.jpg 768w\" sizes=\"(max-width: 1000px) 100vw, 1000px\" \/><\/figure>\n\n\n\n<h3 class=\"wp-block-heading\"><strong>Ba\u00f1ado La Estrella<\/strong><\/h3>\n\n\n\n<p>En la provincia de Formosa se ubica una de las siete maravillas naturales de la Argentina. El <a href=\"http:\/\/www.formosahermosa.gob.ar\/region-centro\/banado-la-estrella\/\" target=\"_blank\" rel=\"noopener\" title=\"\">Ba\u00f1ado La Estrella<\/a> es una reserva provincial que abarca unas 400 mil hect\u00e1reas y est\u00e1 entre los humedales m\u00e1s grandes de Sudam\u00e9rica.<\/p>\n\n\n\n<p>El Vertedero, ubicado a 45 km de Las Lomitas sobre la Ruta Provincial N\u00b028, es un espejo de agua con troncos y ramas donde habitan yacar\u00e9s, carpinchos, boas curiy\u00fa, corzuelas y m\u00e1s de 300 especies de aves.<\/p>\n\n\n\n<p>Otro acceso al Ba\u00f1ado es el Fort\u00edn La Soledad, un peque\u00f1o paraje que est\u00e1 localizado a 65 km de Las Lomitas y se llega por un camino de tierra. Es un lugar para conectar con la naturaleza en estado puro y captar hermosas im\u00e1genes.<\/p>\n\n\n\n<figure class=\"wp-block-embed is-type-video is-provider-youtube wp-block-embed-youtube wp-embed-aspect-16-9 wp-has-aspect-ratio\"><div class=\"wp-block-embed__wrapper\">\n<iframe title=\"BA\u00d1ADO LA ESTRELLA\" width=\"640\" height=\"360\" src=\"https:\/\/www.youtube.com\/embed\/_vlC2coScNI?feature=oembed\" frameborder=\"0\" allow=\"accelerometer; autoplay; clipboard-write; encrypted-media; gyroscope; picture-in-picture; web-share\" referrerpolicy=\"strict-origin-when-cross-origin\" allowfullscreen><\/iframe>\n<\/div><\/figure>\n\n\n\n<p><\/p>\n","protected":false},"excerpt":{"rendered":"<p>El territorio argentino es conocido por su variedad geogr\u00e1fica y sus diferencias clim\u00e1ticas. Posee llanuras,<\/p>\n","protected":false},"author":2,"featured_media":595,"comment_status":"open","ping_status":"open","sticky":true,"template":"","format":"standard","meta":{"footnotes":""},"categories":[66],"tags":[36,65],"class_list":["post-592","post","type-post","status-publish","format-standard","has-post-thumbnail","hentry","category-viajes","tag-argentina","tag-lugares"],"aioseo_notices":[],"featured_image_urls":{"full":["https:\/\/muyferiado.com.ar\/wp-content\/uploads\/2022\/10\/Cusi-Cusi-Jujuy.jpg",2000,1123,false],"thumbnail":["https:\/\/muyferiado.com.ar\/wp-content\/uploads\/2022\/10\/Cusi-Cusi-Jujuy-150x150.jpg",150,150,true],"medium":["https:\/\/muyferiado.com.ar\/wp-content\/uploads\/2022\/10\/Cusi-Cusi-Jujuy-300x168.jpg",300,168,true],"medium_large":["https:\/\/muyferiado.com.ar\/wp-content\/uploads\/2022\/10\/Cusi-Cusi-Jujuy-768x431.jpg",640,359,true],"large":["https:\/\/muyferiado.com.ar\/wp-content\/uploads\/2022\/10\/Cusi-Cusi-Jujuy-1024x575.jpg",640,359,true],"1536x1536":["https:\/\/muyferiado.com.ar\/wp-content\/uploads\/2022\/10\/Cusi-Cusi-Jujuy-1536x862.jpg",1536,862,true],"2048x2048":["https:\/\/muyferiado.com.ar\/wp-content\/uploads\/2022\/10\/Cusi-Cusi-Jujuy.jpg",2000,1123,false],"elegant-magazine-featured":["https:\/\/muyferiado.com.ar\/wp-content\/uploads\/2022\/10\/Cusi-Cusi-Jujuy-1024x575.jpg",1024,575,true],"elegant-magazine-medium":["https:\/\/muyferiado.com.ar\/wp-content\/uploads\/2022\/10\/Cusi-Cusi-Jujuy-720x380.jpg",720,380,true],"elegant-magazine-medium-small":["https:\/\/muyferiado.com.ar\/wp-content\/uploads\/2022\/10\/Cusi-Cusi-Jujuy-300x200.jpg",300,200,true],"elegant-magazine-thumbnail-small":["https:\/\/muyferiado.com.ar\/wp-content\/uploads\/2022\/10\/Cusi-Cusi-Jujuy-50x50.jpg",50,50,true]},"author_info":{"display_name":"Muy Feriado","author_link":"https:\/\/muyferiado.com.ar\/?author=2"},"category_info":"<a href=\"https:\/\/muyferiado.com.ar\/?cat=66\" rel=\"category\">Viajes<\/a>","tag_info":"Viajes","comment_count":"0","_links":{"self":[{"href":"https:\/\/muyferiado.com.ar\/index.php?rest_route=\/wp\/v2\/posts\/592","targetHints":{"allow":["GET"]}}],"collection":[{"href":"https:\/\/muyferiado.com.ar\/index.php?rest_route=\/wp\/v2\/posts"}],"about":[{"href":"https:\/\/muyferiado.com.ar\/index.php?rest_route=\/wp\/v2\/types\/post"}],"author":[{"embeddable":true,"href":"https:\/\/muyferiado.com.ar\/index.php?rest_route=\/wp\/v2\/users\/2"}],"replies":[{"embeddable":true,"href":"https:\/\/muyferiado.com.ar\/index.php?rest_route=%2Fwp%2Fv2%2Fcomments&post=592"}],"version-history":[{"count":6,"href":"https:\/\/muyferiado.com.ar\/index.php?rest_route=\/wp\/v2\/posts\/592\/revisions"}],"predecessor-version":[{"id":604,"href":"https:\/\/muyferiado.com.ar\/index.php?rest_route=\/wp\/v2\/posts\/592\/revisions\/604"}],"wp:featuredmedia":[{"embeddable":true,"href":"https:\/\/muyferiado.com.ar\/index.php?rest_route=\/wp\/v2\/media\/595"}],"wp:attachment":[{"href":"https:\/\/muyferiado.com.ar\/index.php?rest_route=%2Fwp%2Fv2%2Fmedia&parent=592"}],"wp:term":[{"taxonomy":"category","embeddable":true,"href":"https:\/\/muyferiado.com.ar\/index.php?rest_route=%2Fwp%2Fv2%2Fcategories&post=592"},{"taxonomy":"post_tag","embeddable":true,"href":"https:\/\/muyferiado.com.ar\/index.php?rest_route=%2Fwp%2Fv2%2Ftags&post=592"}],"curies":[{"name":"wp","href":"https:\/\/api.w.org\/{rel}","templated":true}]}}