{"id":567,"date":"2022-10-30T09:30:00","date_gmt":"2022-10-30T09:30:00","guid":{"rendered":"https:\/\/muyferiado.com.ar\/?p=567"},"modified":"2022-10-20T18:33:52","modified_gmt":"2022-10-20T18:33:52","slug":"maradona-eterno-10-frases-inolvidables-en-este-30-de-octubre","status":"publish","type":"post","link":"https:\/\/muyferiado.com.ar\/?p=567","title":{"rendered":"Maradona eterno: 10 frases inolvidables en este 30 de octubre"},"content":{"rendered":"\n<figure class=\"wp-block-image aligncenter size-full\"><img fetchpriority=\"high\" decoding=\"async\" width=\"700\" height=\"700\" src=\"https:\/\/muyferiado.com.ar\/wp-content\/uploads\/2022\/10\/maradonaporsiempre.png\" alt=\"poster de Diego Maradona. Por el artista Santiago Pozzi\" class=\"wp-image-587\" srcset=\"https:\/\/muyferiado.com.ar\/wp-content\/uploads\/2022\/10\/maradonaporsiempre.png 700w, https:\/\/muyferiado.com.ar\/wp-content\/uploads\/2022\/10\/maradonaporsiempre-300x300.png 300w, https:\/\/muyferiado.com.ar\/wp-content\/uploads\/2022\/10\/maradonaporsiempre-150x150.png 150w, https:\/\/muyferiado.com.ar\/wp-content\/uploads\/2022\/10\/maradonaporsiempre-50x50.png 50w\" sizes=\"(max-width: 700px) 100vw, 700px\" \/><figcaption class=\"wp-element-caption\">Homenaje ilustrado por <a href=\"https:\/\/www.instagram.com\/santi.pozzi\/\" title=\"\">Santi Pozzi<\/a><\/figcaption><\/figure>\n\n\n\n<p>En esta fecha, hinchas de todo el mundo le rinden tributo para recordar su carrera deportiva y su incalculable aporte cultural que trascendi\u00f3 a las canchas de f\u00fatbol.&nbsp;&nbsp;&nbsp;<\/p>\n\n\n\n<p>Hacemos un repaso sobre algunas de las frases memorables que nos regal\u00f3 el \u00eddolo argentino que, adem\u00e1s de ser una figura a nivel internacional, tuvo una gran ingenio para crear expresiones que forman parte del lenguaje popular.&nbsp;<\/p>\n\n\n\n<p>Nos preguntamos, \u00bfdeber\u00eda existir un feriado dedicado a Maradona?<\/p>\n\n\n\n<h3 class=\"wp-block-heading\">Las 10 frases del Diez<\/h3>\n\n\n\n<blockquote class=\"wp-block-quote is-layout-flow wp-block-quote-is-layout-flow\">\n<p>&#8211; \u201cFue la mano de Dios\u201d (1986).<\/p>\n<cite>Lo dijo luego de anotar el gol contra Inglaterra en los cuartos de final del mundial M\u00e9xico 86.<\/cite><\/blockquote>\n\n\n\n<p><\/p>\n\n\n\n<blockquote class=\"wp-block-quote is-layout-flow wp-block-quote-is-layout-flow\">\n<p>\u201c<em>Es capaz de tomarle la leche al gato<\/em>\u201d (1991).<\/p>\n<cite>Fue por Juan Sim\u00f3n, ex futbolista de Boca y comentarista de televisi\u00f3n.<\/cite><\/blockquote>\n\n\n\n<p><\/p>\n\n\n\n<blockquote class=\"wp-block-quote is-layout-flow wp-block-quote-is-layout-flow\">\n<p>\u201c<em>Se nos escapa otra vez la tortuga<\/em>\u201d (1993).<\/p>\n<cite>Surge luego de que el hijo de James Cheek, ex embajador de Estados Unidos en Argentina, perdiera a su mascota.&nbsp;<\/cite><\/blockquote>\n\n\n\n<p><\/p>\n\n\n\n<blockquote class=\"wp-block-quote is-layout-flow wp-block-quote-is-layout-flow\">\n<p>\u201c<em>Le digo sanguchito porque est\u00e1 siempre cerca de la torta<\/em>\u201d (1994).<\/p>\n<cite>As\u00ed lo llamaba a Bernardo Neustadt.<\/cite><\/blockquote>\n\n\n\n<blockquote class=\"wp-block-quote is-layout-flow wp-block-quote-is-layout-flow\">\n<p>\u201c<em>Es viv\u00edsimo, fuma debajo del agua<\/em>\u201d (2000).<\/p>\n<cite>Se le ocurre en referencia a la astucia de Guillermo C\u00f3ppola.<\/cite><\/blockquote>\n\n\n\n<p><\/p>\n\n\n\n<blockquote class=\"wp-block-quote is-layout-flow wp-block-quote-is-layout-flow\">\n<p>\u201c<em>Yo me equivoqu\u00e9 y pagu\u00e9, pero la pelota no se mancha<\/em>\u201d (2001).<\/p>\n<cite>Durante su partido despedida en La Bombonera.<\/cite><\/blockquote>\n\n\n\n<blockquote class=\"wp-block-quote is-layout-flow wp-block-quote-is-layout-flow\">\n<p>\u201c<em>L\u00e1stima no se le tiene a nadie maestro. Pelealo, tenele bronca, pero l\u00e1stima&#8230; a nadie<\/em>\u00bb (2001)<\/p>\n<cite>Le dijo a Jos\u00e9 Sanfilippo durante un programa televisivo.<\/cite><\/blockquote>\n\n\n\n<p><\/p>\n\n\n\n<blockquote class=\"wp-block-quote is-layout-flow wp-block-quote-is-layout-flow\">\n<p>\u201c<em>Crec\u00ed en un barrio privado de Buenos Aires. Privado de luz, de agua, de tel\u00e9fono<\/em>\u201d (2004).<\/p>\n<cite>Sobre sus or\u00edgenes en Fiorito.<\/cite><\/blockquote>\n\n\n\n<p><\/p>\n\n\n\n<blockquote class=\"wp-block-quote is-layout-flow wp-block-quote-is-layout-flow\">\n<p>\u201c<em>La ten\u00e9s adentro<\/em>\u201d (2010).<\/p>\n<cite>En la conferencia de prensa que brind\u00f3 como director t\u00e9cnico de la selecci\u00f3n argentina, luego de haber conseguido la clasificaci\u00f3n al Mundial de Sud\u00e1frica, le dedic\u00f3 esa frase al periodista Juan Carlos \u201cToti\u201d Pasman.<\/cite><\/blockquote>\n\n\n\n<p><\/p>\n\n\n\n<blockquote class=\"wp-block-quote is-layout-flow wp-block-quote-is-layout-flow\">\n<p>\u201c<em>Los boludos son como las hormigas, est\u00e1n en todas las partes<\/em>\u201d<\/p>\n<cite>Respondi\u00f3 a una pregunta de los periodistas que lo esperaban a la salida de un restaurant.<\/cite><\/blockquote>\n\n\n\n<p><\/p>\n\n\n\n<p><\/p>\n","protected":false},"excerpt":{"rendered":"<p>Se cumple un nuevo aniversario del nacimiento de Diego Armando Maradona. <\/p>\n","protected":false},"author":2,"featured_media":570,"comment_status":"open","ping_status":"open","sticky":false,"template":"","format":"standard","meta":{"footnotes":""},"categories":[67],"tags":[62,36,61],"class_list":["post-567","post","type-post","status-publish","format-standard","has-post-thumbnail","hentry","category-deporte","tag-diegoporsiempre","tag-argentina","tag-diego-maradona"],"aioseo_notices":[],"featured_image_urls":{"full":["https:\/\/muyferiado.com.ar\/wp-content\/uploads\/2022\/10\/gracias-diego.jpg",1465,976,false],"thumbnail":["https:\/\/muyferiado.com.ar\/wp-content\/uploads\/2022\/10\/gracias-diego-150x150.jpg",150,150,true],"medium":["https:\/\/muyferiado.com.ar\/wp-content\/uploads\/2022\/10\/gracias-diego-300x200.jpg",300,200,true],"medium_large":["https:\/\/muyferiado.com.ar\/wp-content\/uploads\/2022\/10\/gracias-diego-768x512.jpg",640,427,true],"large":["https:\/\/muyferiado.com.ar\/wp-content\/uploads\/2022\/10\/gracias-diego-1024x682.jpg",640,426,true],"1536x1536":["https:\/\/muyferiado.com.ar\/wp-content\/uploads\/2022\/10\/gracias-diego.jpg",1465,976,false],"2048x2048":["https:\/\/muyferiado.com.ar\/wp-content\/uploads\/2022\/10\/gracias-diego.jpg",1465,976,false],"elegant-magazine-featured":["https:\/\/muyferiado.com.ar\/wp-content\/uploads\/2022\/10\/gracias-diego-1024x682.jpg",1024,682,true],"elegant-magazine-medium":["https:\/\/muyferiado.com.ar\/wp-content\/uploads\/2022\/10\/gracias-diego-720x380.jpg",720,380,true],"elegant-magazine-medium-small":["https:\/\/muyferiado.com.ar\/wp-content\/uploads\/2022\/10\/gracias-diego-300x200.jpg",300,200,true],"elegant-magazine-thumbnail-small":["https:\/\/muyferiado.com.ar\/wp-content\/uploads\/2022\/10\/gracias-diego-50x50.jpg",50,50,true]},"author_info":{"display_name":"Muy Feriado","author_link":"https:\/\/muyferiado.com.ar\/?author=2"},"category_info":"<a href=\"https:\/\/muyferiado.com.ar\/?cat=67\" rel=\"category\">Deporte<\/a>","tag_info":"Deporte","comment_count":"0","_links":{"self":[{"href":"https:\/\/muyferiado.com.ar\/index.php?rest_route=\/wp\/v2\/posts\/567","targetHints":{"allow":["GET"]}}],"collection":[{"href":"https:\/\/muyferiado.com.ar\/index.php?rest_route=\/wp\/v2\/posts"}],"about":[{"href":"https:\/\/muyferiado.com.ar\/index.php?rest_route=\/wp\/v2\/types\/post"}],"author":[{"embeddable":true,"href":"https:\/\/muyferiado.com.ar\/index.php?rest_route=\/wp\/v2\/users\/2"}],"replies":[{"embeddable":true,"href":"https:\/\/muyferiado.com.ar\/index.php?rest_route=%2Fwp%2Fv2%2Fcomments&post=567"}],"version-history":[{"count":18,"href":"https:\/\/muyferiado.com.ar\/index.php?rest_route=\/wp\/v2\/posts\/567\/revisions"}],"predecessor-version":[{"id":661,"href":"https:\/\/muyferiado.com.ar\/index.php?rest_route=\/wp\/v2\/posts\/567\/revisions\/661"}],"wp:featuredmedia":[{"embeddable":true,"href":"https:\/\/muyferiado.com.ar\/index.php?rest_route=\/wp\/v2\/media\/570"}],"wp:attachment":[{"href":"https:\/\/muyferiado.com.ar\/index.php?rest_route=%2Fwp%2Fv2%2Fmedia&parent=567"}],"wp:term":[{"taxonomy":"category","embeddable":true,"href":"https:\/\/muyferiado.com.ar\/index.php?rest_route=%2Fwp%2Fv2%2Fcategories&post=567"},{"taxonomy":"post_tag","embeddable":true,"href":"https:\/\/muyferiado.com.ar\/index.php?rest_route=%2Fwp%2Fv2%2Ftags&post=567"}],"curies":[{"name":"wp","href":"https:\/\/api.w.org\/{rel}","templated":true}]}}