{"id":536,"date":"2022-09-12T18:27:26","date_gmt":"2022-09-12T18:27:26","guid":{"rendered":"https:\/\/muyferiado.com.ar\/?p=536"},"modified":"2022-10-07T15:52:05","modified_gmt":"2022-10-07T15:52:05","slug":"21-de-septiembre-es-feriado-el-dia-de-la-primavera","status":"publish","type":"post","link":"https:\/\/muyferiado.com.ar\/?p=536","title":{"rendered":"21 de septiembre: \u00bfes feriado el d\u00eda de la primavera?"},"content":{"rendered":"\n<p>Los festejos del D\u00eda de la Primavera y del Estudiante se multiplican todos los a\u00f1os en espacios al aire libre donde j\u00f3venes de distintas edades se encuentran para compartir esta fecha.<\/p>\n\n\n\n<p><strong>Si bien las escuelas secundarias y las universidades en general declaran asueto cada 21 de septiembre, este d\u00eda no es considerado como parte del calendario de feriados a nivel nacional.<\/strong><\/p>\n\n\n\n<p>Cada distrito recibe la nueva estaci\u00f3n del a\u00f1o con actividades especiales y espect\u00e1culos para disfrutar del espacio p\u00fablico. Se trata de una buena oportunidad para planificar un picnic en una plaza, dar un paseo por las principales ferias, anfiteatros y centros culturales.<\/p>\n\n\n\n<figure class=\"wp-block-image size-large\"><img fetchpriority=\"high\" decoding=\"async\" width=\"1024\" height=\"683\" src=\"https:\/\/muyferiado.com.ar\/wp-content\/uploads\/2022\/09\/Estudiantes-1024x683.jpg\" alt=\"\" class=\"wp-image-538\" srcset=\"https:\/\/muyferiado.com.ar\/wp-content\/uploads\/2022\/09\/Estudiantes-1024x683.jpg 1024w, https:\/\/muyferiado.com.ar\/wp-content\/uploads\/2022\/09\/Estudiantes-300x200.jpg 300w, https:\/\/muyferiado.com.ar\/wp-content\/uploads\/2022\/09\/Estudiantes-768x512.jpg 768w, https:\/\/muyferiado.com.ar\/wp-content\/uploads\/2022\/09\/Estudiantes-1536x1024.jpg 1536w, https:\/\/muyferiado.com.ar\/wp-content\/uploads\/2022\/09\/Estudiantes-2048x1365.jpg 2048w\" sizes=\"(max-width: 1024px) 100vw, 1024px\" \/><\/figure>\n\n\n\n<h3 class=\"wp-block-heading\"><strong>Ciudad de Buenos Aires<\/strong><\/h3>\n\n\n\n<p>Desde las 13 hasta las 18 horas se llevar\u00e1 adelante la jornada Todos al Anfi en los alrededores del Anfiteatro de Parque Centenario (Leopoldo Marechal 832). Habr\u00e1 talleres, intervenciones, juegos y shows de m\u00fasica en vivo. Tambi\u00e9n se instalar\u00e1 una estaci\u00f3n editorial con puestos de venta de c\u00f3mic, fantasy, novelas gr\u00e1ficas, fanzines, manga y todas las novedades de la literatura juvenil.<\/p>\n\n\n\n<h3 class=\"wp-block-heading\"><strong>Buenos Aires<\/strong><\/h3>\n\n\n\n<p>El Gobierno de la provincia de Buenos Aires realizar\u00e1 el Festival Primavera Bonaerense con espect\u00e1culos musicales, danzas y talleres. El evento tendr\u00e1 lugar el s\u00e1bado 24 en el Estadio \u00danico Diego Armando Maradona de la ciudad de La Plata, entre las 14 y las 22hs, con ingreso libre y gratuito.<\/p>\n\n\n\n<figure class=\"wp-block-image aligncenter size-full\"><img decoding=\"async\" width=\"700\" height=\"500\" src=\"https:\/\/muyferiado.com.ar\/wp-content\/uploads\/2022\/09\/Festival-Primavera-Bonaerense.jpg\" alt=\"Flyer Festival Primavera Bonaerense\" class=\"wp-image-546\" srcset=\"https:\/\/muyferiado.com.ar\/wp-content\/uploads\/2022\/09\/Festival-Primavera-Bonaerense.jpg 700w, https:\/\/muyferiado.com.ar\/wp-content\/uploads\/2022\/09\/Festival-Primavera-Bonaerense-300x214.jpg 300w\" sizes=\"(max-width: 700px) 100vw, 700px\" \/><figcaption>Festival Primavera Bonaerense<\/figcaption><\/figure>\n\n\n\n<p>Seg\u00fan explicaron desde la organizaci\u00f3n, la actividad \u201cpromueve el encuentro de juventudes celebrando de una manera distinta, junto a las infancias y familias, bajo el lema de la diversidad como parte constitutiva de la identidad bonaerense\u201d.<\/p>\n\n\n\n<p>En la programaci\u00f3n figuran artistas destacados como YSY A, Karina, Virus y Taichu. Tambi\u00e9n estar\u00e1n presentes Emanero, Terapia, Milena Salamanca, Barrio Viejo y Villa Diamante, entre otros.<\/p>\n\n\n\n<p>Adem\u00e1s estar\u00e1 la esperada secci\u00f3n \u00abOtakultura\u00bb con variados stands de exposici\u00f3n, dibujos y venta editorial, donde habr\u00e1 ejemplares de manga japon\u00e9s, anim\u00e9 y c\u00f3mic.<\/p>\n\n\n\n<p><strong>Notas relacionadas:<\/strong><\/p>\n\n\n\n<p><a href=\"https:\/\/muyferiado.com.ar\/?p=319\" target=\"_blank\" rel=\"noopener\">Feriados, d\u00edas no laborables y tur\u00edsticos 2022<\/a><\/p>\n","protected":false},"excerpt":{"rendered":"<p>El mi\u00e9rcoles 21 de septiembre ser\u00e1 el D\u00eda del Estudiante y de la Primavera en la Argentina. Te contamos qu\u00e9 actividades hay disponibles para festejar al aire libre con amigos.<\/p>\n","protected":false},"author":2,"featured_media":537,"comment_status":"open","ping_status":"open","sticky":false,"template":"","format":"standard","meta":{"footnotes":""},"categories":[25],"tags":[49,50],"class_list":["post-536","post","type-post","status-publish","format-standard","has-post-thumbnail","hentry","category-eventos","tag-estudiantes","tag-primavera"],"aioseo_notices":[],"featured_image_urls":{"full":["https:\/\/muyferiado.com.ar\/wp-content\/uploads\/2022\/09\/simon-maage-tXiMrX3Gc-g-unsplash-scaled.jpg",2560,1710,false],"thumbnail":["https:\/\/muyferiado.com.ar\/wp-content\/uploads\/2022\/09\/simon-maage-tXiMrX3Gc-g-unsplash-150x150.jpg",150,150,true],"medium":["https:\/\/muyferiado.com.ar\/wp-content\/uploads\/2022\/09\/simon-maage-tXiMrX3Gc-g-unsplash-300x200.jpg",300,200,true],"medium_large":["https:\/\/muyferiado.com.ar\/wp-content\/uploads\/2022\/09\/simon-maage-tXiMrX3Gc-g-unsplash-768x513.jpg",640,428,true],"large":["https:\/\/muyferiado.com.ar\/wp-content\/uploads\/2022\/09\/simon-maage-tXiMrX3Gc-g-unsplash-1024x684.jpg",640,428,true],"1536x1536":["https:\/\/muyferiado.com.ar\/wp-content\/uploads\/2022\/09\/simon-maage-tXiMrX3Gc-g-unsplash-1536x1026.jpg",1536,1026,true],"2048x2048":["https:\/\/muyferiado.com.ar\/wp-content\/uploads\/2022\/09\/simon-maage-tXiMrX3Gc-g-unsplash-2048x1368.jpg",2048,1368,true],"elegant-magazine-featured":["https:\/\/muyferiado.com.ar\/wp-content\/uploads\/2022\/09\/simon-maage-tXiMrX3Gc-g-unsplash-1024x684.jpg",1024,684,true],"elegant-magazine-medium":["https:\/\/muyferiado.com.ar\/wp-content\/uploads\/2022\/09\/simon-maage-tXiMrX3Gc-g-unsplash-720x380.jpg",720,380,true],"elegant-magazine-medium-small":["https:\/\/muyferiado.com.ar\/wp-content\/uploads\/2022\/09\/simon-maage-tXiMrX3Gc-g-unsplash-scaled.jpg",300,200,false],"elegant-magazine-thumbnail-small":["https:\/\/muyferiado.com.ar\/wp-content\/uploads\/2022\/09\/simon-maage-tXiMrX3Gc-g-unsplash-scaled.jpg",50,33,false]},"author_info":{"display_name":"Muy Feriado","author_link":"https:\/\/muyferiado.com.ar\/?author=2"},"category_info":"<a href=\"https:\/\/muyferiado.com.ar\/?cat=25\" rel=\"category\">Eventos<\/a>","tag_info":"Eventos","comment_count":"0","_links":{"self":[{"href":"https:\/\/muyferiado.com.ar\/index.php?rest_route=\/wp\/v2\/posts\/536","targetHints":{"allow":["GET"]}}],"collection":[{"href":"https:\/\/muyferiado.com.ar\/index.php?rest_route=\/wp\/v2\/posts"}],"about":[{"href":"https:\/\/muyferiado.com.ar\/index.php?rest_route=\/wp\/v2\/types\/post"}],"author":[{"embeddable":true,"href":"https:\/\/muyferiado.com.ar\/index.php?rest_route=\/wp\/v2\/users\/2"}],"replies":[{"embeddable":true,"href":"https:\/\/muyferiado.com.ar\/index.php?rest_route=%2Fwp%2Fv2%2Fcomments&post=536"}],"version-history":[{"count":7,"href":"https:\/\/muyferiado.com.ar\/index.php?rest_route=\/wp\/v2\/posts\/536\/revisions"}],"predecessor-version":[{"id":543,"href":"https:\/\/muyferiado.com.ar\/index.php?rest_route=\/wp\/v2\/posts\/536\/revisions\/543"}],"wp:featuredmedia":[{"embeddable":true,"href":"https:\/\/muyferiado.com.ar\/index.php?rest_route=\/wp\/v2\/media\/537"}],"wp:attachment":[{"href":"https:\/\/muyferiado.com.ar\/index.php?rest_route=%2Fwp%2Fv2%2Fmedia&parent=536"}],"wp:term":[{"taxonomy":"category","embeddable":true,"href":"https:\/\/muyferiado.com.ar\/index.php?rest_route=%2Fwp%2Fv2%2Fcategories&post=536"},{"taxonomy":"post_tag","embeddable":true,"href":"https:\/\/muyferiado.com.ar\/index.php?rest_route=%2Fwp%2Fv2%2Ftags&post=536"}],"curies":[{"name":"wp","href":"https:\/\/api.w.org\/{rel}","templated":true}]}}