{"id":530,"date":"2022-09-29T23:39:14","date_gmt":"2022-09-29T23:39:14","guid":{"rendered":"https:\/\/muyferiado.com.ar\/?p=530"},"modified":"2022-10-26T18:05:52","modified_gmt":"2022-10-26T18:05:52","slug":"sera-feriado-cuando-la-seleccion-argentina-juegue-un-partido-en-el-mundial-de-qatar-2022","status":"publish","type":"post","link":"https:\/\/muyferiado.com.ar\/?p=530","title":{"rendered":"\u00bfSer\u00e1 feriado cuando la selecci\u00f3n Argentina juegue un partido en el mundial de Qatar 2022?"},"content":{"rendered":"\n<p>La fiebre mundialista se impone fuerte en la Argentina y el Gobierno analiza decretar feriado cuando la selecci\u00f3n nacional juegue en el mundial de Qatar 2022.<\/p>\n\n\n\n<p>El debut del equipo de Scaloni ser\u00e1 el 22 de noviembre a las 7:00 horas. Enfrentar\u00e1 a Arabia Saudita en el estadio Lusail.<\/p>\n\n\n\n<p>La jornada 2 ser\u00e1 el 26 de noviembre, a las 16 horas ante M\u00e9xico, otra vez en el estadio Lusail.<\/p>\n\n\n\n<p>Por \u00faltimo, se definir\u00e1 su grupo el 30 de noviembre, a las 16 horas, jugando contra Polonia en el estadio 974.<\/p>\n\n\n\n<figure class=\"wp-block-image size-full\"><img fetchpriority=\"high\" decoding=\"async\" width=\"900\" height=\"506\" src=\"https:\/\/muyferiado.com.ar\/wp-content\/uploads\/2022\/09\/messi.jpg\" alt=\"\" class=\"wp-image-552\" srcset=\"https:\/\/muyferiado.com.ar\/wp-content\/uploads\/2022\/09\/messi.jpg 900w, https:\/\/muyferiado.com.ar\/wp-content\/uploads\/2022\/09\/messi-300x169.jpg 300w, https:\/\/muyferiado.com.ar\/wp-content\/uploads\/2022\/09\/messi-768x432.jpg 768w\" sizes=\"(max-width: 900px) 100vw, 900px\" \/><\/figure>\n\n\n\n<h3 class=\"wp-block-heading\">Antecedentes en el mundo: el caso de Costa Rica y Per\u00fa<\/h3>\n\n\n\n<p>Los \u00abIncas\u00bb y los \u00abTicos\u00bb tomaron distintas medidas debido a que sus selecciones jugaron el repechaje que defin\u00eda su pasaje al Mundial de Qatar.<\/p>\n\n\n\n<p>El d\u00eda 14 de junio de 2022 el gobierno de Costa Rica otorg\u00f3 horas libres a los funcionarios para que puedan ver el partido de repechaje contra Nueva Zelanda.<\/p>\n\n\n\n<p>\u00abLos trabajadores del sector p\u00fablico pueden tomar una hora extra a su tiempo de almuerzo para que puedan observar el repechaje eliminatorio\u00bb, anunci\u00f3 la Presidencia de Costa Rica en la comunicaci\u00f3n oficial.<\/p>\n\n\n\n<p>Por su parte, Per\u00fa decret\u00f3 que el d\u00eda que su selecci\u00f3n de f\u00fatbol jugara ante Australia por un cupo al Mundial de Qatar sea feriado para que los peruanos puedan ver el partido.<\/p>\n\n\n\n<p>\u00abSe ha determinado que el lunes sea feriado todo el d\u00eda para el sector p\u00fablico. Esto permitir\u00e1 que la poblaci\u00f3n pueda ver a la selecci\u00f3n de f\u00fatbol clasificar al Mundial\u00bb, inform\u00f3 a los periodistas el ministro de Cultura, Alejandro Salas.<\/p>\n","protected":false},"excerpt":{"rendered":"<p>La fiebre mundialista se impone fuerte en la Argentina y el Gobierno analiza decretar feriado<\/p>\n","protected":false},"author":2,"featured_media":551,"comment_status":"open","ping_status":"open","sticky":false,"template":"","format":"standard","meta":{"footnotes":""},"categories":[67,34],"tags":[36,30,55,53,54,51,52,56],"class_list":["post-530","post","type-post","status-publish","format-standard","has-post-thumbnail","hentry","category-deporte","category-feriado","tag-argentina","tag-feriado","tag-futbol","tag-messi","tag-mundial","tag-qatar2022","tag-scaloneta","tag-seleccion"],"aioseo_notices":[],"featured_image_urls":{"full":["https:\/\/muyferiado.com.ar\/wp-content\/uploads\/2022\/09\/seleccion-argentina-qtar2022.jpg",1024,555,false],"thumbnail":["https:\/\/muyferiado.com.ar\/wp-content\/uploads\/2022\/09\/seleccion-argentina-qtar2022-150x150.jpg",150,150,true],"medium":["https:\/\/muyferiado.com.ar\/wp-content\/uploads\/2022\/09\/seleccion-argentina-qtar2022-300x163.jpg",300,163,true],"medium_large":["https:\/\/muyferiado.com.ar\/wp-content\/uploads\/2022\/09\/seleccion-argentina-qtar2022-768x416.jpg",640,347,true],"large":["https:\/\/muyferiado.com.ar\/wp-content\/uploads\/2022\/09\/seleccion-argentina-qtar2022.jpg",640,347,false],"1536x1536":["https:\/\/muyferiado.com.ar\/wp-content\/uploads\/2022\/09\/seleccion-argentina-qtar2022.jpg",1024,555,false],"2048x2048":["https:\/\/muyferiado.com.ar\/wp-content\/uploads\/2022\/09\/seleccion-argentina-qtar2022.jpg",1024,555,false],"elegant-magazine-featured":["https:\/\/muyferiado.com.ar\/wp-content\/uploads\/2022\/09\/seleccion-argentina-qtar2022.jpg",1024,555,false],"elegant-magazine-medium":["https:\/\/muyferiado.com.ar\/wp-content\/uploads\/2022\/09\/seleccion-argentina-qtar2022-720x380.jpg",720,380,true],"elegant-magazine-medium-small":["https:\/\/muyferiado.com.ar\/wp-content\/uploads\/2022\/09\/seleccion-argentina-qtar2022-300x200.jpg",300,200,true],"elegant-magazine-thumbnail-small":["https:\/\/muyferiado.com.ar\/wp-content\/uploads\/2022\/09\/seleccion-argentina-qtar2022-50x50.jpg",50,50,true]},"author_info":{"display_name":"Muy Feriado","author_link":"https:\/\/muyferiado.com.ar\/?author=2"},"category_info":"<a href=\"https:\/\/muyferiado.com.ar\/?cat=67\" rel=\"category\">Deporte<\/a> <a href=\"https:\/\/muyferiado.com.ar\/?cat=34\" rel=\"category\">Feriado<\/a>","tag_info":"Feriado","comment_count":"0","_links":{"self":[{"href":"https:\/\/muyferiado.com.ar\/index.php?rest_route=\/wp\/v2\/posts\/530","targetHints":{"allow":["GET"]}}],"collection":[{"href":"https:\/\/muyferiado.com.ar\/index.php?rest_route=\/wp\/v2\/posts"}],"about":[{"href":"https:\/\/muyferiado.com.ar\/index.php?rest_route=\/wp\/v2\/types\/post"}],"author":[{"embeddable":true,"href":"https:\/\/muyferiado.com.ar\/index.php?rest_route=\/wp\/v2\/users\/2"}],"replies":[{"embeddable":true,"href":"https:\/\/muyferiado.com.ar\/index.php?rest_route=%2Fwp%2Fv2%2Fcomments&post=530"}],"version-history":[{"count":3,"href":"https:\/\/muyferiado.com.ar\/index.php?rest_route=\/wp\/v2\/posts\/530\/revisions"}],"predecessor-version":[{"id":623,"href":"https:\/\/muyferiado.com.ar\/index.php?rest_route=\/wp\/v2\/posts\/530\/revisions\/623"}],"wp:featuredmedia":[{"embeddable":true,"href":"https:\/\/muyferiado.com.ar\/index.php?rest_route=\/wp\/v2\/media\/551"}],"wp:attachment":[{"href":"https:\/\/muyferiado.com.ar\/index.php?rest_route=%2Fwp%2Fv2%2Fmedia&parent=530"}],"wp:term":[{"taxonomy":"category","embeddable":true,"href":"https:\/\/muyferiado.com.ar\/index.php?rest_route=%2Fwp%2Fv2%2Fcategories&post=530"},{"taxonomy":"post_tag","embeddable":true,"href":"https:\/\/muyferiado.com.ar\/index.php?rest_route=%2Fwp%2Fv2%2Ftags&post=530"}],"curies":[{"name":"wp","href":"https:\/\/api.w.org\/{rel}","templated":true}]}}