{"id":491,"date":"2022-09-02T10:54:00","date_gmt":"2022-09-02T10:54:00","guid":{"rendered":"https:\/\/muyferiado.com.ar\/?p=491"},"modified":"2022-09-02T23:32:18","modified_gmt":"2022-09-02T23:32:18","slug":"por-que-es-feriado-hoy-viernes-2-de-septiembre-en-argentina","status":"publish","type":"post","link":"https:\/\/muyferiado.com.ar\/?p=491","title":{"rendered":"\u00bfPor qu\u00e9 es feriado hoy viernes 2 de septiembre en Argentina?"},"content":{"rendered":"\n<p>Alberto Fern\u00e1ndez anunci\u00f3 en cadena nacional un <strong>feriado para este viernes 2 de septiembre <\/strong>\u00abpara que en paz y armon\u00eda el pueblo argentino pueda expresarse en defensa de la vida, de la democracia y en solidaridad con nuestra vicepresidenta\u00bb.<\/p>\n\n\n\n<blockquote class=\"twitter-tweet\"><p lang=\"es\" dir=\"ltr\">CADENA NACIONAL &#8211; Mensaje del Presidente de la Naci\u00f3n, Alberto Fern\u00e1ndez (<a href=\"https:\/\/twitter.com\/alferdez?ref_src=twsrc%5Etfw\">@alferdez<\/a>). <a href=\"https:\/\/t.co\/dg2UDugDaz\">https:\/\/t.co\/dg2UDugDaz<\/a><\/p>\u2014 Casa Rosada (@CasaRosada) <a href=\"https:\/\/twitter.com\/CasaRosada\/status\/1565534052492476417?ref_src=twsrc%5Etfw\">September 2, 2022<\/a><\/blockquote> <script async=\"\" src=\"https:\/\/platform.twitter.com\/widgets.js\" charset=\"utf-8\"><\/script>\n\n\n\n<p>\u00abEste atentado merece el m\u00e1s en\u00e9rgico repudio de toda la sociedad argentina, de todos los sectores pol\u00edticos y todos los hombres y las mujeres de la rep\u00fablica, porque estos hechos afectan nuestra democracia\u00bb, subray\u00f3 el mandatario.<\/p>\n\n\n\n<h2 class=\"wp-block-heading\">\u00bfQu\u00e9 funcionar\u00e1 y que no este viernes feriado?<\/h2>\n\n\n\n<p>Como es habitual en los d\u00edas no laborables, algunos servicios ser\u00e1n reducidos.<\/p>\n\n\n\n<p>El feriado nacional decretado por Alberto Fern\u00e1ndez para este viernes 2 de septiembre implica que las escuelas no tendr\u00e1n actividad.<\/p>\n\n\n\n<p>Mientras, el transporte p\u00fablico funcionar\u00e1 con el cronograma de domingos y feriados.<\/p>\n\n\n\n<p>En los hospitales p\u00fablicos y privados las guardias funcionar\u00e1n normalmente, al igual que la recolecci\u00f3n de residuos.<\/p>\n\n\n\n<p>Asimismo, las entidades bancarias estar\u00e1n cerradas y solo se podr\u00e1 operar a trav\u00e9s de los cajeros autom\u00e1ticos. Adem\u00e1s, no habr\u00e1 servicio en la administraci\u00f3n p\u00fablica en todo el pa\u00eds.<\/p>\n\n\n\n<p><\/p>\n\n\n\n<p><\/p>\n\n\n\n<h3 class=\"wp-block-heading\">\u00bfQu\u00e9 otros feriados hay en Argentina en 2022?<\/h3>\n\n\n\n<p><a href=\"https:\/\/muyferiado.com.ar\/?p=319\">Mir\u00e1 la nota completa con todos los feriados del 2022 en Argentina<\/a>.<\/p>\n\n\n\n<p><\/p>\n\n\n\n<p><\/p>\n","protected":false},"excerpt":{"rendered":"<p>Tras el intento de asesinato a Cristina Kirchner, el presidente habl\u00f3 y declar\u00f3 un feriado nacional.<\/p>\n","protected":false},"author":2,"featured_media":492,"comment_status":"open","ping_status":"open","sticky":false,"template":"","format":"standard","meta":{"footnotes":""},"categories":[34],"tags":[30],"class_list":["post-491","post","type-post","status-publish","format-standard","has-post-thumbnail","hentry","category-feriado","tag-feriado"],"aioseo_notices":[],"featured_image_urls":{"full":["https:\/\/muyferiado.com.ar\/wp-content\/uploads\/2022\/09\/alberto-fernandez.jpg",563,317,false],"thumbnail":["https:\/\/muyferiado.com.ar\/wp-content\/uploads\/2022\/09\/alberto-fernandez-150x150.jpg",150,150,true],"medium":["https:\/\/muyferiado.com.ar\/wp-content\/uploads\/2022\/09\/alberto-fernandez-300x169.jpg",300,169,true],"medium_large":["https:\/\/muyferiado.com.ar\/wp-content\/uploads\/2022\/09\/alberto-fernandez.jpg",563,317,false],"large":["https:\/\/muyferiado.com.ar\/wp-content\/uploads\/2022\/09\/alberto-fernandez.jpg",563,317,false],"1536x1536":["https:\/\/muyferiado.com.ar\/wp-content\/uploads\/2022\/09\/alberto-fernandez.jpg",563,317,false],"2048x2048":["https:\/\/muyferiado.com.ar\/wp-content\/uploads\/2022\/09\/alberto-fernandez.jpg",563,317,false],"elegant-magazine-featured":["https:\/\/muyferiado.com.ar\/wp-content\/uploads\/2022\/09\/alberto-fernandez.jpg",563,317,false],"elegant-magazine-medium":["https:\/\/muyferiado.com.ar\/wp-content\/uploads\/2022\/09\/alberto-fernandez.jpg",563,317,false],"elegant-magazine-medium-small":["https:\/\/muyferiado.com.ar\/wp-content\/uploads\/2022\/09\/alberto-fernandez-300x200.jpg",300,200,true],"elegant-magazine-thumbnail-small":["https:\/\/muyferiado.com.ar\/wp-content\/uploads\/2022\/09\/alberto-fernandez-50x50.jpg",50,50,true]},"author_info":{"display_name":"Muy Feriado","author_link":"https:\/\/muyferiado.com.ar\/?author=2"},"category_info":"<a href=\"https:\/\/muyferiado.com.ar\/?cat=34\" rel=\"category\">Feriado<\/a>","tag_info":"Feriado","comment_count":"0","_links":{"self":[{"href":"https:\/\/muyferiado.com.ar\/index.php?rest_route=\/wp\/v2\/posts\/491","targetHints":{"allow":["GET"]}}],"collection":[{"href":"https:\/\/muyferiado.com.ar\/index.php?rest_route=\/wp\/v2\/posts"}],"about":[{"href":"https:\/\/muyferiado.com.ar\/index.php?rest_route=\/wp\/v2\/types\/post"}],"author":[{"embeddable":true,"href":"https:\/\/muyferiado.com.ar\/index.php?rest_route=\/wp\/v2\/users\/2"}],"replies":[{"embeddable":true,"href":"https:\/\/muyferiado.com.ar\/index.php?rest_route=%2Fwp%2Fv2%2Fcomments&post=491"}],"version-history":[{"count":9,"href":"https:\/\/muyferiado.com.ar\/index.php?rest_route=\/wp\/v2\/posts\/491\/revisions"}],"predecessor-version":[{"id":541,"href":"https:\/\/muyferiado.com.ar\/index.php?rest_route=\/wp\/v2\/posts\/491\/revisions\/541"}],"wp:featuredmedia":[{"embeddable":true,"href":"https:\/\/muyferiado.com.ar\/index.php?rest_route=\/wp\/v2\/media\/492"}],"wp:attachment":[{"href":"https:\/\/muyferiado.com.ar\/index.php?rest_route=%2Fwp%2Fv2%2Fmedia&parent=491"}],"wp:term":[{"taxonomy":"category","embeddable":true,"href":"https:\/\/muyferiado.com.ar\/index.php?rest_route=%2Fwp%2Fv2%2Fcategories&post=491"},{"taxonomy":"post_tag","embeddable":true,"href":"https:\/\/muyferiado.com.ar\/index.php?rest_route=%2Fwp%2Fv2%2Ftags&post=491"}],"curies":[{"name":"wp","href":"https:\/\/api.w.org\/{rel}","templated":true}]}}