{"id":463,"date":"2022-01-28T03:15:00","date_gmt":"2022-01-28T03:15:00","guid":{"rendered":"https:\/\/muyferiado.com.ar\/?p=463"},"modified":"2022-08-25T03:18:30","modified_gmt":"2022-08-25T03:18:30","slug":"chile-calendario-de-feriados-en-el-2022","status":"publish","type":"post","link":"https:\/\/muyferiado.com.ar\/?p=463","title":{"rendered":"Chile: Calendario de feriados en el 2022"},"content":{"rendered":"\n<p>Al momento de cruzar la cordillera y disfrutar una estad\u00eda en Chile es importante tener en cuenta la agenda de festividades del pa\u00eds.<\/p>\n\n\n\n<h3 class=\"wp-block-heading\">Enero<\/h3>\n\n\n\n<p>S\u00e1bado 1 de enero: A\u00f1o Nuevo<\/p>\n\n\n\n<h3 class=\"wp-block-heading\">Abril<\/h3>\n\n\n\n<p>Viernes 15 de Abril: Viernes Santo<br>S\u00e1bado 16 de Abril: S\u00e1bado Santo<\/p>\n\n\n\n<h3 class=\"wp-block-heading\">Mayo<\/h3>\n\n\n\n<p>Domingo 1 de Mayo: D\u00eda del Trabajo<br>S\u00e1bado 21 de Mayo: D\u00eda de las Glorias Navales<\/p>\n\n\n\n<h3 class=\"wp-block-heading\">Junio<\/h3>\n\n\n\n<p>Martes 21 de Junio D\u00eda Nacional de los Pueblos Ind\u00edgenas<br>Lunes 27 de Junio: San Pedro y San Pablo<\/p>\n\n\n\n<figure class=\"wp-block-image size-full\"><img fetchpriority=\"high\" decoding=\"async\" width=\"640\" height=\"360\" src=\"https:\/\/muyferiado.com.ar\/wp-content\/uploads\/2022\/08\/chile2.jpg\" alt=\"Torres Del Paine, Puertos Arenas, Chile.\" class=\"wp-image-465\" srcset=\"https:\/\/muyferiado.com.ar\/wp-content\/uploads\/2022\/08\/chile2.jpg 640w, https:\/\/muyferiado.com.ar\/wp-content\/uploads\/2022\/08\/chile2-300x169.jpg 300w\" sizes=\"(max-width: 640px) 100vw, 640px\" \/><\/figure>\n\n\n\n<h3 class=\"wp-block-heading\">Julio<\/h3>\n\n\n\n<p>16 de Julio: D\u00eda de la Virgen del Carmen<\/p>\n\n\n\n<h3 class=\"wp-block-heading\">Agosto<\/h3>\n\n\n\n<p>Lunes 15 de Agosto: Asunci\u00f3n de la Virgen<\/p>\n\n\n\n<h3 class=\"wp-block-heading\">Septiembre<\/h3>\n\n\n\n<p>Domingo 4 de Septiembre: Plebiscito Salida Nueva Constituci\u00f3n<br>Domingo 18 de Septiembre: Independencia Nacional<br>Lunes 19 de Septiembre: D\u00eda de las Glorias del Ej\u00e9rcito<\/p>\n\n\n\n<h3 class=\"wp-block-heading\">Octubre<\/h3>\n\n\n\n<p>Lunes 10 de Octubre: Encuentro de Dos Mundos<br>Lunes 31 de Octubre: D\u00eda de las Iglesias Evang\u00e9licas y Protestantes<\/p>\n\n\n\n<h3 class=\"wp-block-heading\">Noviembre<\/h3>\n\n\n\n<p>Martes 1 de noviembre: D\u00eda de Todos los Santos<\/p>\n\n\n\n<h3 class=\"wp-block-heading\">Diciembre<\/h3>\n\n\n\n<p>Jueves 8 de diciembre: Inmaculada Concepci\u00f3n<br>Domingo 25 de diciembre: Navidad<\/p>\n\n\n\n<p><\/p>\n\n\n\n<h3 class=\"wp-block-heading\">\u00bfQu\u00e9 feriados hay en Argentina en 2022?<\/h3>\n\n\n\n<p>Mir\u00e1 la nota completa con todos los <a href=\"https:\/\/muyferiado.com.ar\/?p=319\">feriados del 2022 en Argentina.<\/a><\/p>\n","protected":false},"excerpt":{"rendered":"<p>\u00bfEst\u00e1s pensando ir a Chile en 2022? Conoc\u00e9 la lista completa de d\u00edas festivos y provech\u00e1 esta informaci\u00f3n para  armar tu itinerario.<\/p>\n","protected":false},"author":2,"featured_media":464,"comment_status":"open","ping_status":"open","sticky":false,"template":"","format":"standard","meta":{"footnotes":""},"categories":[34,42],"tags":[],"class_list":["post-463","post","type-post","status-publish","format-standard","has-post-thumbnail","hentry","category-feriado","category-internacional"],"aioseo_notices":[],"featured_image_urls":{"full":["https:\/\/muyferiado.com.ar\/wp-content\/uploads\/2022\/08\/chile.jpg",640,427,false],"thumbnail":["https:\/\/muyferiado.com.ar\/wp-content\/uploads\/2022\/08\/chile-150x150.jpg",150,150,true],"medium":["https:\/\/muyferiado.com.ar\/wp-content\/uploads\/2022\/08\/chile-300x200.jpg",300,200,true],"medium_large":["https:\/\/muyferiado.com.ar\/wp-content\/uploads\/2022\/08\/chile.jpg",640,427,false],"large":["https:\/\/muyferiado.com.ar\/wp-content\/uploads\/2022\/08\/chile.jpg",640,427,false],"1536x1536":["https:\/\/muyferiado.com.ar\/wp-content\/uploads\/2022\/08\/chile.jpg",640,427,false],"2048x2048":["https:\/\/muyferiado.com.ar\/wp-content\/uploads\/2022\/08\/chile.jpg",640,427,false],"elegant-magazine-featured":["https:\/\/muyferiado.com.ar\/wp-content\/uploads\/2022\/08\/chile.jpg",640,427,false],"elegant-magazine-medium":["https:\/\/muyferiado.com.ar\/wp-content\/uploads\/2022\/08\/chile-640x380.jpg",640,380,true],"elegant-magazine-medium-small":["https:\/\/muyferiado.com.ar\/wp-content\/uploads\/2022\/08\/chile-300x200.jpg",300,200,true],"elegant-magazine-thumbnail-small":["https:\/\/muyferiado.com.ar\/wp-content\/uploads\/2022\/08\/chile-50x50.jpg",50,50,true]},"author_info":{"display_name":"Muy Feriado","author_link":"https:\/\/muyferiado.com.ar\/?author=2"},"category_info":"<a href=\"https:\/\/muyferiado.com.ar\/?cat=34\" rel=\"category\">Feriado<\/a> <a href=\"https:\/\/muyferiado.com.ar\/?cat=42\" rel=\"category\">Internacional<\/a>","tag_info":"Internacional","comment_count":"0","_links":{"self":[{"href":"https:\/\/muyferiado.com.ar\/index.php?rest_route=\/wp\/v2\/posts\/463","targetHints":{"allow":["GET"]}}],"collection":[{"href":"https:\/\/muyferiado.com.ar\/index.php?rest_route=\/wp\/v2\/posts"}],"about":[{"href":"https:\/\/muyferiado.com.ar\/index.php?rest_route=\/wp\/v2\/types\/post"}],"author":[{"embeddable":true,"href":"https:\/\/muyferiado.com.ar\/index.php?rest_route=\/wp\/v2\/users\/2"}],"replies":[{"embeddable":true,"href":"https:\/\/muyferiado.com.ar\/index.php?rest_route=%2Fwp%2Fv2%2Fcomments&post=463"}],"version-history":[{"count":1,"href":"https:\/\/muyferiado.com.ar\/index.php?rest_route=\/wp\/v2\/posts\/463\/revisions"}],"predecessor-version":[{"id":466,"href":"https:\/\/muyferiado.com.ar\/index.php?rest_route=\/wp\/v2\/posts\/463\/revisions\/466"}],"wp:featuredmedia":[{"embeddable":true,"href":"https:\/\/muyferiado.com.ar\/index.php?rest_route=\/wp\/v2\/media\/464"}],"wp:attachment":[{"href":"https:\/\/muyferiado.com.ar\/index.php?rest_route=%2Fwp%2Fv2%2Fmedia&parent=463"}],"wp:term":[{"taxonomy":"category","embeddable":true,"href":"https:\/\/muyferiado.com.ar\/index.php?rest_route=%2Fwp%2Fv2%2Fcategories&post=463"},{"taxonomy":"post_tag","embeddable":true,"href":"https:\/\/muyferiado.com.ar\/index.php?rest_route=%2Fwp%2Fv2%2Ftags&post=463"}],"curies":[{"name":"wp","href":"https:\/\/api.w.org\/{rel}","templated":true}]}}