{"id":457,"date":"2023-01-01T10:17:00","date_gmt":"2023-01-01T10:17:00","guid":{"rendered":"https:\/\/muyferiado.com.ar\/?p=457"},"modified":"2023-01-18T02:38:08","modified_gmt":"2023-01-18T02:38:08","slug":"uruguay-calendario-de-feriados-2022","status":"publish","type":"post","link":"https:\/\/muyferiado.com.ar\/?p=457","title":{"rendered":"Uruguay: Calendario de feriados en el 2023"},"content":{"rendered":"\n<p>Al momento de cruzar el R\u00edo de la Plata es importante tener en cuenta la agenda de festividades de Uruguay, que oficialmente en 2023 tiene 15 feriados.<\/p>\n\n\n\n<h3 class=\"wp-block-heading\">Enero<\/h3>\n\n\n\n<p>Domingo 1\u00b0 de enero: A\u00f1o Nuevo.<br>Viernes 6 de enero: D\u00eda de los Reyes Magos.<\/p>\n\n\n\n<h3 class=\"wp-block-heading\">Febrero<\/h3>\n\n\n\n<p>Lunes 20 y martes 21: Carnaval.<\/p>\n\n\n\n<figure class=\"wp-block-image size-full\"><img fetchpriority=\"high\" decoding=\"async\" width=\"640\" height=\"439\" src=\"https:\/\/muyferiado.com.ar\/wp-content\/uploads\/2022\/08\/montevideo.jpg\" alt=\"Carnaval de Montevideo, Uruguay.\" class=\"wp-image-461\" srcset=\"https:\/\/muyferiado.com.ar\/wp-content\/uploads\/2022\/08\/montevideo.jpg 640w, https:\/\/muyferiado.com.ar\/wp-content\/uploads\/2022\/08\/montevideo-300x206.jpg 300w\" sizes=\"(max-width: 640px) 100vw, 640px\" \/><\/figure>\n\n\n\n<h3 class=\"wp-block-heading\">Abril<\/h3>\n\n\n\n<p>Domingo 2 al domingo 9:\u00a0Semana Santa\u00a0o Semana de Turismo: Toda la semana para los p\u00fablicos. Privados, jueves y viernes son feriados laborables, pero no se corren.<\/p>\n\n\n\n<p>Mi\u00e9rcoles 19:\u00a0Desembarco de los 33 Orientales.\u00a0Feriado laborable.<\/p>\n\n\n\n<h3 class=\"wp-block-heading\">Mayo<\/h3>\n\n\n\n<p>Lunes 1:\u00a0<strong>D\u00eda del Trabajador.<\/strong>\u00a0<\/p>\n\n\n\n<p>Jueves 18:\u00a0Batalla de Las Piedras.\u00a0Es laborable. Se corre para el lunes 22.<\/p>\n\n\n\n<h3 class=\"wp-block-heading\">Junio<\/h3>\n\n\n\n<p>Lunes 19:\u00a0Natalicio de Artigas.<\/p>\n\n\n\n<h3 class=\"wp-block-heading\">Julio<\/h3>\n\n\n\n<p>\u00a0Martes 18:\u00a0Jura de la Constituci\u00f3n.<\/p>\n\n\n\n<h3 class=\"wp-block-heading\">Agosto<\/h3>\n\n\n\n<p>Viernes 25:\u00a0Declaratoria de la Independencia.<\/p>\n\n\n\n<h3 class=\"wp-block-heading\">Octubre<\/h3>\n\n\n\n<p>\u00a0Jueves 12:\u00a0Batalla de Sarand\u00ed.\u00a0Es laborable. Se corre para el lunes 16.<\/p>\n\n\n\n<h3 class=\"wp-block-heading\">Noviembre<\/h3>\n\n\n\n<p>Jueves 2:\u00a0D\u00eda de los Difuntos.<\/p>\n\n\n\n<h3 class=\"wp-block-heading\">Diciembre<\/h3>\n\n\n\n<p>Lunes 25:\u00a0Navidad.<\/p>\n\n\n\n<p><\/p>\n\n\n\n<p>Esperamos que esta informaci\u00f3n te haya sido \u00fatil para organizar tus vacaciones, tanto si vas un fin de semana largo o una escapada para pasar el d\u00eda. Para m\u00e1s datos pod\u00e9s consultar el sitio web de los<a href=\"https:\/\/www.municipio.uy\/dias-festivos-2022.html\"> Municipios de Uruguay.<\/a><\/p>\n\n\n\n<p><\/p>\n\n\n\n<h3 class=\"wp-block-heading\">\u00bfQu\u00e9 feriados hay en Argentina en 2023?<\/h3>\n\n\n\n<p>Mir\u00e1 la nota completa con todos los <a href=\"https:\/\/muyferiado.com.ar\/?p=670\" title=\"\">feriados del 2022 en Argentina.<\/a><\/p>\n","protected":false},"excerpt":{"rendered":"<p>\u00bfEst\u00e1s pensando ir a Uruguay en 2023? Conoc\u00e9 la lista completa de d\u00edas festivos y provech\u00e1 esta informaci\u00f3n para  armar tu itinerario.<\/p>\n","protected":false},"author":2,"featured_media":460,"comment_status":"open","ping_status":"open","sticky":false,"template":"","format":"standard","meta":{"footnotes":""},"categories":[42],"tags":[30,47,46,45],"class_list":["post-457","post","type-post","status-publish","format-standard","has-post-thumbnail","hentry","category-internacional","tag-feriado","tag-fiesta","tag-puente","tag-uruguay"],"aioseo_notices":[],"featured_image_urls":{"full":["https:\/\/muyferiado.com.ar\/wp-content\/uploads\/2022\/08\/uruguay.jpg",640,360,false],"thumbnail":["https:\/\/muyferiado.com.ar\/wp-content\/uploads\/2022\/08\/uruguay-150x150.jpg",150,150,true],"medium":["https:\/\/muyferiado.com.ar\/wp-content\/uploads\/2022\/08\/uruguay-300x169.jpg",300,169,true],"medium_large":["https:\/\/muyferiado.com.ar\/wp-content\/uploads\/2022\/08\/uruguay.jpg",640,360,false],"large":["https:\/\/muyferiado.com.ar\/wp-content\/uploads\/2022\/08\/uruguay.jpg",640,360,false],"1536x1536":["https:\/\/muyferiado.com.ar\/wp-content\/uploads\/2022\/08\/uruguay.jpg",640,360,false],"2048x2048":["https:\/\/muyferiado.com.ar\/wp-content\/uploads\/2022\/08\/uruguay.jpg",640,360,false],"elegant-magazine-featured":["https:\/\/muyferiado.com.ar\/wp-content\/uploads\/2022\/08\/uruguay.jpg",640,360,false],"elegant-magazine-medium":["https:\/\/muyferiado.com.ar\/wp-content\/uploads\/2022\/08\/uruguay.jpg",640,360,false],"elegant-magazine-medium-small":["https:\/\/muyferiado.com.ar\/wp-content\/uploads\/2022\/08\/uruguay-300x200.jpg",300,200,true],"elegant-magazine-thumbnail-small":["https:\/\/muyferiado.com.ar\/wp-content\/uploads\/2022\/08\/uruguay-50x50.jpg",50,50,true]},"author_info":{"display_name":"Muy Feriado","author_link":"https:\/\/muyferiado.com.ar\/?author=2"},"category_info":"<a href=\"https:\/\/muyferiado.com.ar\/?cat=42\" rel=\"category\">Internacional<\/a>","tag_info":"Internacional","comment_count":"0","_links":{"self":[{"href":"https:\/\/muyferiado.com.ar\/index.php?rest_route=\/wp\/v2\/posts\/457","targetHints":{"allow":["GET"]}}],"collection":[{"href":"https:\/\/muyferiado.com.ar\/index.php?rest_route=\/wp\/v2\/posts"}],"about":[{"href":"https:\/\/muyferiado.com.ar\/index.php?rest_route=\/wp\/v2\/types\/post"}],"author":[{"embeddable":true,"href":"https:\/\/muyferiado.com.ar\/index.php?rest_route=\/wp\/v2\/users\/2"}],"replies":[{"embeddable":true,"href":"https:\/\/muyferiado.com.ar\/index.php?rest_route=%2Fwp%2Fv2%2Fcomments&post=457"}],"version-history":[{"count":4,"href":"https:\/\/muyferiado.com.ar\/index.php?rest_route=\/wp\/v2\/posts\/457\/revisions"}],"predecessor-version":[{"id":710,"href":"https:\/\/muyferiado.com.ar\/index.php?rest_route=\/wp\/v2\/posts\/457\/revisions\/710"}],"wp:featuredmedia":[{"embeddable":true,"href":"https:\/\/muyferiado.com.ar\/index.php?rest_route=\/wp\/v2\/media\/460"}],"wp:attachment":[{"href":"https:\/\/muyferiado.com.ar\/index.php?rest_route=%2Fwp%2Fv2%2Fmedia&parent=457"}],"wp:term":[{"taxonomy":"category","embeddable":true,"href":"https:\/\/muyferiado.com.ar\/index.php?rest_route=%2Fwp%2Fv2%2Fcategories&post=457"},{"taxonomy":"post_tag","embeddable":true,"href":"https:\/\/muyferiado.com.ar\/index.php?rest_route=%2Fwp%2Fv2%2Ftags&post=457"}],"curies":[{"name":"wp","href":"https:\/\/api.w.org\/{rel}","templated":true}]}}