{"id":407,"date":"2022-08-20T00:23:56","date_gmt":"2022-08-20T00:23:56","guid":{"rendered":"https:\/\/muyferiado.com.ar\/?p=407"},"modified":"2022-08-20T19:18:52","modified_gmt":"2022-08-20T19:18:52","slug":"feriado-extra-jujuy-conmemora-el-aniversario-del-exodo-jujeno","status":"publish","type":"post","link":"https:\/\/muyferiado.com.ar\/?p=407","title":{"rendered":"Feriado extra: Jujuy conmemora el aniversario del \u00c9xodo Juje\u00f1o"},"content":{"rendered":"\n<p>El Gobierno de la provincia de Jujuy confirm\u00f3 que se a\u00f1adir\u00e1 un feriado en conmemoraci\u00f3n al 210\u00b0 aniversario del \u00c9xodo Juje\u00f1o, liderado por el general Manuel Belgrano. <\/p>\n\n\n\n<p>El d\u00eda no laborable ser\u00e1 el martes 23 de agosto del 2022, donde se cancelar\u00e1n las actividades educativas y laborales para todos los habitantes de la provincia de Jujuy.<\/p>\n\n\n\n<p>Seg\u00fan el documento oficial de la normativa, la finalidad de este feriado es \u00abrecordar la gesta heroica, donde confluye la figura del General Manuel Belgrano y la de un pueblo que imita respondiendo al llamado de la patria\u00bb.<\/p>\n\n\n\n<h3 class=\"wp-block-heading\">\u00bfQu\u00e9 fue el \u00c9xodo Juje\u00f1o?<\/h3>\n\n\n\n<p>Se conoce como el \u00c9xodo Juje\u00f1o a la retirada que el Ej\u00e9rcito y la poblaci\u00f3n de San Salvador de Jujuy emprendi\u00f3 en agosto de 1812, siguiendo \u00f3rdenes del general Manuel Belgrano, entonces jefe del Ej\u00e9rcito del Norte de las Provincias Unidas del R\u00edo de la Plata.<\/p>\n\n\n\n<p>El \u00e9xodo se debi\u00f3 al avance del Ej\u00e9rcito Realista que proven\u00eda del Alto Per\u00fa y que hab\u00eda penetrado en la Quebrada de Humahuaca. <\/p>\n\n\n\n<p>Manuel Belgrano consider\u00f3 que no pod\u00eda defender sus posiciones y orden\u00f3 la retirada general y se abandon\u00f3 completamente la ciudad y sus campos. El ej\u00e9rcito tambi\u00e9n orden\u00f3 la quema de todo aquello que no pudiera ser llevado, para no dejar nada \u00fatil al ej\u00e9rcito enemigo.<\/p>\n\n\n\n<p>La retirada concluy\u00f3 en San Miguel de Tucum\u00e1n, donde Manuel Belgrano hizo frente a los Realistas y los derrot\u00f3 el 24 de septiembre, frenando as\u00ed su avance hacia el sur. <\/p>\n\n\n\n<p><\/p>\n\n\n\n<figure class=\"wp-block-embed is-type-video is-provider-youtube wp-block-embed-youtube wp-embed-aspect-16-9 wp-has-aspect-ratio\"><div class=\"wp-block-embed__wrapper\">\n<iframe title=\"23 de agosto: \u00c9xodo Juje\u00f1o - Historia al D\u00eda\" width=\"640\" height=\"360\" src=\"https:\/\/www.youtube.com\/embed\/7qyaKSQkgfw?feature=oembed\" frameborder=\"0\" allow=\"accelerometer; autoplay; clipboard-write; encrypted-media; gyroscope; picture-in-picture; web-share\" referrerpolicy=\"strict-origin-when-cross-origin\" allowfullscreen><\/iframe>\n<\/div><\/figure>\n\n\n\n<h2 class=\"wp-block-heading\">\u00bfQu\u00e9 feriados quedan en 2022?<\/h2>\n\n\n\n<p><a href=\"https:\/\/muyferiado.com.ar\/?p=319\">Mir\u00e1 la nota completa con todos los feriados del 2022<\/a><\/p>\n","protected":false},"excerpt":{"rendered":"<p>El Gobierno de la provincia de Jujuy confirm\u00f3 que se a\u00f1adir\u00e1 un feriado en conmemoraci\u00f3n<\/p>\n","protected":false},"author":2,"featured_media":408,"comment_status":"open","ping_status":"open","sticky":false,"template":"","format":"standard","meta":{"footnotes":""},"categories":[28,34],"tags":[],"class_list":["post-407","post","type-post","status-publish","format-standard","has-post-thumbnail","hentry","category-culturas","category-feriado"],"aioseo_notices":[],"featured_image_urls":{"full":["https:\/\/muyferiado.com.ar\/wp-content\/uploads\/2022\/08\/ea-exodo2021-1.jpg",970,550,false],"thumbnail":["https:\/\/muyferiado.com.ar\/wp-content\/uploads\/2022\/08\/ea-exodo2021-1-150x150.jpg",150,150,true],"medium":["https:\/\/muyferiado.com.ar\/wp-content\/uploads\/2022\/08\/ea-exodo2021-1-300x170.jpg",300,170,true],"medium_large":["https:\/\/muyferiado.com.ar\/wp-content\/uploads\/2022\/08\/ea-exodo2021-1-768x435.jpg",640,363,true],"large":["https:\/\/muyferiado.com.ar\/wp-content\/uploads\/2022\/08\/ea-exodo2021-1.jpg",640,363,false],"1536x1536":["https:\/\/muyferiado.com.ar\/wp-content\/uploads\/2022\/08\/ea-exodo2021-1.jpg",970,550,false],"2048x2048":["https:\/\/muyferiado.com.ar\/wp-content\/uploads\/2022\/08\/ea-exodo2021-1.jpg",970,550,false],"elegant-magazine-featured":["https:\/\/muyferiado.com.ar\/wp-content\/uploads\/2022\/08\/ea-exodo2021-1.jpg",970,550,false],"elegant-magazine-medium":["https:\/\/muyferiado.com.ar\/wp-content\/uploads\/2022\/08\/ea-exodo2021-1-720x380.jpg",720,380,true],"elegant-magazine-medium-small":["https:\/\/muyferiado.com.ar\/wp-content\/uploads\/2022\/08\/ea-exodo2021-1-300x200.jpg",300,200,true],"elegant-magazine-thumbnail-small":["https:\/\/muyferiado.com.ar\/wp-content\/uploads\/2022\/08\/ea-exodo2021-1-50x50.jpg",50,50,true]},"author_info":{"display_name":"Muy Feriado","author_link":"https:\/\/muyferiado.com.ar\/?author=2"},"category_info":"<a href=\"https:\/\/muyferiado.com.ar\/?cat=28\" rel=\"category\">Culturas<\/a> <a href=\"https:\/\/muyferiado.com.ar\/?cat=34\" rel=\"category\">Feriado<\/a>","tag_info":"Feriado","comment_count":"0","_links":{"self":[{"href":"https:\/\/muyferiado.com.ar\/index.php?rest_route=\/wp\/v2\/posts\/407","targetHints":{"allow":["GET"]}}],"collection":[{"href":"https:\/\/muyferiado.com.ar\/index.php?rest_route=\/wp\/v2\/posts"}],"about":[{"href":"https:\/\/muyferiado.com.ar\/index.php?rest_route=\/wp\/v2\/types\/post"}],"author":[{"embeddable":true,"href":"https:\/\/muyferiado.com.ar\/index.php?rest_route=\/wp\/v2\/users\/2"}],"replies":[{"embeddable":true,"href":"https:\/\/muyferiado.com.ar\/index.php?rest_route=%2Fwp%2Fv2%2Fcomments&post=407"}],"version-history":[{"count":4,"href":"https:\/\/muyferiado.com.ar\/index.php?rest_route=\/wp\/v2\/posts\/407\/revisions"}],"predecessor-version":[{"id":416,"href":"https:\/\/muyferiado.com.ar\/index.php?rest_route=\/wp\/v2\/posts\/407\/revisions\/416"}],"wp:featuredmedia":[{"embeddable":true,"href":"https:\/\/muyferiado.com.ar\/index.php?rest_route=\/wp\/v2\/media\/408"}],"wp:attachment":[{"href":"https:\/\/muyferiado.com.ar\/index.php?rest_route=%2Fwp%2Fv2%2Fmedia&parent=407"}],"wp:term":[{"taxonomy":"category","embeddable":true,"href":"https:\/\/muyferiado.com.ar\/index.php?rest_route=%2Fwp%2Fv2%2Fcategories&post=407"},{"taxonomy":"post_tag","embeddable":true,"href":"https:\/\/muyferiado.com.ar\/index.php?rest_route=%2Fwp%2Fv2%2Ftags&post=407"}],"curies":[{"name":"wp","href":"https:\/\/api.w.org\/{rel}","templated":true}]}}