{"id":319,"date":"2022-01-01T12:17:00","date_gmt":"2022-01-01T12:17:00","guid":{"rendered":"https:\/\/muyferiado.com.ar\/?p=319"},"modified":"2022-08-20T21:19:09","modified_gmt":"2022-08-20T21:19:09","slug":"feriados-dias-no-laborables-y-turisticos-de-la-argentina-2022","status":"publish","type":"post","link":"https:\/\/muyferiado.com.ar\/?p=319","title":{"rendered":"Feriados, d\u00edas no laborables y tur\u00edsticos 2022"},"content":{"rendered":"\n<p>En la Argentina existen los feriados inamovibles, los feriados trasladables, los d\u00edas no laborables y los d\u00edas con fines tur\u00edsticos. Para seguir cada una de estas fechas, compartimos el listado del calendario del pa\u00eds.<\/p>\n\n\n\n<figure class=\"wp-block-image size-large\"><img fetchpriority=\"high\" decoding=\"async\" width=\"1024\" height=\"682\" src=\"https:\/\/muyferiado.com.ar\/wp-content\/uploads\/2022\/09\/Lectura-1024x682.jpg\" alt=\"\" class=\"wp-image-484\" srcset=\"https:\/\/muyferiado.com.ar\/wp-content\/uploads\/2022\/09\/Lectura-1024x682.jpg 1024w, https:\/\/muyferiado.com.ar\/wp-content\/uploads\/2022\/09\/Lectura-300x200.jpg 300w, https:\/\/muyferiado.com.ar\/wp-content\/uploads\/2022\/09\/Lectura-768x511.jpg 768w, https:\/\/muyferiado.com.ar\/wp-content\/uploads\/2022\/09\/Lectura-1536x1022.jpg 1536w, https:\/\/muyferiado.com.ar\/wp-content\/uploads\/2022\/09\/Lectura-2048x1363.jpg 2048w\" sizes=\"(max-width: 1024px) 100vw, 1024px\" \/><\/figure>\n\n\n\n<p>Los <strong>feriados nacionales inamovibles<\/strong> se rigen por la Ley de Establecimiento de Feriados y Fines de Semanas Largos y no pueden cambiarse de fecha.<\/p>\n\n\n\n<h3 class=\"wp-block-heading\">Enero<\/h3>\n\n\n\n<p><strong>1\u00b0 de enero:<\/strong> A\u00f1o Nuevo.<\/p>\n\n\n\n<h3 class=\"wp-block-heading\">Febrero<\/h3>\n\n\n\n<p><strong>Lunes y martes de Carnaval:<\/strong> 28 de febrero de 2022 y 1\u00b0 de marzo de 2022.<\/p>\n\n\n\n<h3 class=\"wp-block-heading\">Marzo<\/h3>\n\n\n\n<p><strong>1\u00b0 de marzo 2022<\/strong>: Carnaval<\/p>\n\n\n\n<p><strong>24 de marzo:<\/strong> D\u00eda Nacional de la Memoria por la Verdad y la Justicia.<\/p>\n\n\n\n<h3 class=\"wp-block-heading\">Abril<\/h3>\n\n\n\n<p><strong>2 de abril:<\/strong> D\u00eda del Veterano y de los Ca\u00eddos en la Guerra de Malvinas.<\/p>\n\n\n\n<p><strong>Viernes Santo: <\/strong>15 de abril de 2022.<\/p>\n\n\n\n<h3 class=\"wp-block-heading\">Mayo<\/h3>\n\n\n\n<p><strong>1\u00b0 de mayo:<\/strong> D\u00eda del Trabajador\/a.<\/p>\n\n\n\n<p><strong>18 de mayo 2022:<\/strong> Censo nacional.<\/p>\n\n\n\n<p><strong>25 de mayo:<\/strong> D\u00eda de la Revoluci\u00f3n de Mayo.<\/p>\n\n\n\n<h3 class=\"wp-block-heading\">Junio<\/h3>\n\n\n\n<p><strong>20 de junio:<\/strong> Paso a la Inmortalidad del General Don Manuel Belgrano.<\/p>\n\n\n\n<h3 class=\"wp-block-heading\">Julio<\/h3>\n\n\n\n<p><strong>9 de julio:<\/strong> D\u00eda de la Independencia.<\/p>\n\n\n\n<h3 class=\"wp-block-heading\">Diciembre<\/h3>\n\n\n\n<p><strong>8 de diciembre:<\/strong> D\u00eda de la Inmaculada Concepci\u00f3n de Mar\u00eda.<\/p>\n\n\n\n<p><strong>25 de diciembre:<\/strong> Navidad.<\/p>\n\n\n\n<hr class=\"wp-block-separator has-alpha-channel-opacity\"\/>\n\n\n\n<p>En cambio, los <strong>feriados trasladables<\/strong> cuyas fechas coinciden con los d\u00edas martes y mi\u00e9rcoles se pasan al lunes anterior. Aquellos que coincidan con los d\u00edas jueves y viernes se cambian al d\u00eda lunes siguiente.<\/p>\n\n\n\n<h3 class=\"wp-block-heading\">Junio<\/h3>\n\n\n\n<p><strong>17 de junio:<\/strong> Paso a la Inmortalidad del General Don Mart\u00edn Miguel de G\u00fcemes.<\/p>\n\n\n\n<h3 class=\"wp-block-heading\">Agosto<\/h3>\n\n\n\n<p><strong>15 de agosto:<\/strong> Paso a la Inmortalidad del General Don Jos\u00e9 de San Mart\u00edn (17\/8).<\/p>\n\n\n\n<h3 class=\"wp-block-heading\">Octubre<\/h3>\n\n\n\n<p><strong>10 de octubre:<\/strong> D\u00eda del Respeto a la Diversidad Cultural (12\/10).<\/p>\n\n\n\n<h3 class=\"wp-block-heading\">Noviembre<\/h3>\n\n\n\n<p><strong>20 de noviembre:<\/strong> D\u00eda de la Soberan\u00eda Nacional.<\/p>\n\n\n\n<hr class=\"wp-block-separator has-alpha-channel-opacity\"\/>\n\n\n\n<p>El Poder Ejecutivo nacional tambi\u00e9n puede establecer adicionalmente hasta tres d\u00edas feriados o no laborables por a\u00f1o con <strong>fines tur\u00edsticos<\/strong>. En esta oportunidad, las fechas seleccionadas fueron:<\/p>\n\n\n\n<h3 class=\"wp-block-heading\">Octubre<\/h3>\n\n\n\n<p><strong>7 de octubre:<\/strong> Feriado con fines tur\u00edsticos.<\/p>\n\n\n\n<h3 class=\"wp-block-heading\">Noviembre<\/h3>\n\n\n\n<p><strong>21 de noviembre:<\/strong> Feriado con fines tur\u00edsticos.<\/p>\n\n\n\n<h3 class=\"wp-block-heading\">Diciembre<\/h3>\n\n\n\n<p><strong>9 de diciembre:<\/strong> Feriado con fines tur\u00edsticos.<\/p>\n\n\n\n<hr class=\"wp-block-separator has-alpha-channel-opacity\"\/>\n\n\n\n<p>Adem\u00e1s, se distinguen los <strong>d\u00edas no laborables<\/strong> en funci\u00f3n de distintas conmemoraciones:<\/p>\n\n\n\n<p><strong>14 de abril:<\/strong> Jueves Santo.<\/p>\n\n\n\n<p><strong>16, 17 de abril:<\/strong> Primeros dos d\u00edas de la Pascua Jud\u00eda (para habitantes que profesen la Religi\u00f3n Jud\u00eda).<\/p>\n\n\n\n<p><strong>22, 23 de abril:<\/strong> \u00daltimos dos d\u00edas de la Pascua Jud\u00eda (para habitantes que profesen la Religi\u00f3n Jud\u00eda).<\/p>\n\n\n\n<p><strong>24 de abril:<\/strong> D\u00eda de acci\u00f3n por la tolerancia y el respeto entre los pueblos.<br>(Los empleados y funcionarios de organismos p\u00fablicos y los alumnos de origen armenio quedan autorizados a disponer libremente de los d\u00edas 24 de abril de todos los a\u00f1os para poder asistir y participar de las actividades que se realicen en conmemoraci\u00f3n de la tragedia que afect\u00f3 a su comunidad).<\/p>\n\n\n\n<p><strong>2 de mayo:<\/strong> Fiesta de la Ruptura del Ayuno del Sagrado Mes de Ramad\u00e1n (para habitantes que profesen la Religi\u00f3n Isl\u00e1mica).<\/p>\n\n\n\n<p><strong>9 de julio:<\/strong> Fiesta del Sacrificio (para habitantes que profesen la Religi\u00f3n Isl\u00e1mica).<\/p>\n\n\n\n<p><strong>30 de julio:<\/strong> A\u00f1o Nuevo Isl\u00e1mico (para habitantes que profesen la Religi\u00f3n Isl\u00e1mica).<\/p>\n\n\n\n<p><strong>26, 27 de septiembre: <\/strong>A\u00f1o Nuevo Jud\u00edo (para habitantes que profesen la Religi\u00f3n Jud\u00eda).<\/p>\n\n\n\n<p><strong>5 de octubre:<\/strong> D\u00eda del Perd\u00f3n (para habitantes que profesen la Religi\u00f3n Jud\u00eda).<\/p>\n\n\n\n<p><\/p>\n","protected":false},"excerpt":{"rendered":"<p>La agenda completa para organizar las escapadas de este a\u00f1o.<\/p>\n","protected":false},"author":2,"featured_media":323,"comment_status":"open","ping_status":"open","sticky":false,"template":"","format":"standard","meta":{"footnotes":""},"categories":[34,3],"tags":[36,35],"class_list":["post-319","post","type-post","status-publish","format-standard","has-post-thumbnail","hentry","category-feriado","category-feriado-largo","tag-argentina","tag-feriados"],"aioseo_notices":[],"featured_image_urls":{"full":["https:\/\/muyferiado.com.ar\/wp-content\/uploads\/2022\/08\/Feriados-argentinos.jpg",2048,1366,false],"thumbnail":["https:\/\/muyferiado.com.ar\/wp-content\/uploads\/2022\/08\/Feriados-argentinos-150x150.jpg",150,150,true],"medium":["https:\/\/muyferiado.com.ar\/wp-content\/uploads\/2022\/08\/Feriados-argentinos-300x200.jpg",300,200,true],"medium_large":["https:\/\/muyferiado.com.ar\/wp-content\/uploads\/2022\/08\/Feriados-argentinos-768x512.jpg",640,427,true],"large":["https:\/\/muyferiado.com.ar\/wp-content\/uploads\/2022\/08\/Feriados-argentinos-1024x683.jpg",640,427,true],"1536x1536":["https:\/\/muyferiado.com.ar\/wp-content\/uploads\/2022\/08\/Feriados-argentinos-1536x1025.jpg",1536,1025,true],"2048x2048":["https:\/\/muyferiado.com.ar\/wp-content\/uploads\/2022\/08\/Feriados-argentinos.jpg",2048,1366,false],"elegant-magazine-featured":["https:\/\/muyferiado.com.ar\/wp-content\/uploads\/2022\/08\/Feriados-argentinos-1024x683.jpg",1024,683,true],"elegant-magazine-medium":["https:\/\/muyferiado.com.ar\/wp-content\/uploads\/2022\/08\/Feriados-argentinos-720x380.jpg",720,380,true],"elegant-magazine-medium-small":["https:\/\/muyferiado.com.ar\/wp-content\/uploads\/2022\/08\/Feriados-argentinos-300x200.jpg",300,200,true],"elegant-magazine-thumbnail-small":["https:\/\/muyferiado.com.ar\/wp-content\/uploads\/2022\/08\/Feriados-argentinos-50x50.jpg",50,50,true]},"author_info":{"display_name":"Muy Feriado","author_link":"https:\/\/muyferiado.com.ar\/?author=2"},"category_info":"<a href=\"https:\/\/muyferiado.com.ar\/?cat=34\" rel=\"category\">Feriado<\/a> <a href=\"https:\/\/muyferiado.com.ar\/?cat=3\" rel=\"category\">Feriado largo<\/a>","tag_info":"Feriado largo","comment_count":"10","_links":{"self":[{"href":"https:\/\/muyferiado.com.ar\/index.php?rest_route=\/wp\/v2\/posts\/319","targetHints":{"allow":["GET"]}}],"collection":[{"href":"https:\/\/muyferiado.com.ar\/index.php?rest_route=\/wp\/v2\/posts"}],"about":[{"href":"https:\/\/muyferiado.com.ar\/index.php?rest_route=\/wp\/v2\/types\/post"}],"author":[{"embeddable":true,"href":"https:\/\/muyferiado.com.ar\/index.php?rest_route=\/wp\/v2\/users\/2"}],"replies":[{"embeddable":true,"href":"https:\/\/muyferiado.com.ar\/index.php?rest_route=%2Fwp%2Fv2%2Fcomments&post=319"}],"version-history":[{"count":13,"href":"https:\/\/muyferiado.com.ar\/index.php?rest_route=\/wp\/v2\/posts\/319\/revisions"}],"predecessor-version":[{"id":487,"href":"https:\/\/muyferiado.com.ar\/index.php?rest_route=\/wp\/v2\/posts\/319\/revisions\/487"}],"wp:featuredmedia":[{"embeddable":true,"href":"https:\/\/muyferiado.com.ar\/index.php?rest_route=\/wp\/v2\/media\/323"}],"wp:attachment":[{"href":"https:\/\/muyferiado.com.ar\/index.php?rest_route=%2Fwp%2Fv2%2Fmedia&parent=319"}],"wp:term":[{"taxonomy":"category","embeddable":true,"href":"https:\/\/muyferiado.com.ar\/index.php?rest_route=%2Fwp%2Fv2%2Fcategories&post=319"},{"taxonomy":"post_tag","embeddable":true,"href":"https:\/\/muyferiado.com.ar\/index.php?rest_route=%2Fwp%2Fv2%2Ftags&post=319"}],"curies":[{"name":"wp","href":"https:\/\/api.w.org\/{rel}","templated":true}]}}