{"id":248,"date":"2022-09-02T01:00:15","date_gmt":"2022-09-02T01:00:15","guid":{"rendered":"https:\/\/muyferiado.com.ar\/?p=248"},"modified":"2022-09-04T17:16:18","modified_gmt":"2022-09-04T17:16:18","slug":"que-hacer-en-san-antonio-de-areco","status":"publish","type":"post","link":"https:\/\/muyferiado.com.ar\/?p=248","title":{"rendered":"Escapada: \u00bfQu\u00e9 hacer en San Antonio de Areco?"},"content":{"rendered":"\n<p>San Antonio de Areco es una de las localidades tur\u00edsticas de Buenos Aires ideal para una escapada de fin de semana o un feriado. Ofrece muchas opciones para disfrutar en familia. As\u00ed que preparemos el equipo de mate y arranquemos.<\/p>\n\n\n\n<h2 class=\"wp-block-heading\">5 actividades imperdibles para conocer \u00abla cuna de la tradici\u00f3n\u00bb este feriado<\/h2>\n\n\n\n<h3 class=\"wp-block-heading\">1. El Puente Viejo<\/h3>\n\n\n\n<p>Fue construido en 1857 y bautizado con el nombre de \u00abEl Puente de los Mart\u00ednez\u00bb. Actualmente el puente es peatonal y su particular color rojizo resalta sobre el agua del r\u00edo Areco.<\/p>\n\n\n\n<figure class=\"wp-block-image size-large\"><img fetchpriority=\"high\" decoding=\"async\" width=\"1024\" height=\"768\" src=\"https:\/\/muyferiado.com.ar\/wp-content\/uploads\/2022\/07\/el-puente-viejo-areco-1024x768.jpg\" alt=\"\" class=\"wp-image-252\" srcset=\"https:\/\/muyferiado.com.ar\/wp-content\/uploads\/2022\/07\/el-puente-viejo-areco-1024x768.jpg 1024w, https:\/\/muyferiado.com.ar\/wp-content\/uploads\/2022\/07\/el-puente-viejo-areco-300x225.jpg 300w, https:\/\/muyferiado.com.ar\/wp-content\/uploads\/2022\/07\/el-puente-viejo-areco-768x576.jpg 768w, https:\/\/muyferiado.com.ar\/wp-content\/uploads\/2022\/07\/el-puente-viejo-areco-1536x1152.jpg 1536w, https:\/\/muyferiado.com.ar\/wp-content\/uploads\/2022\/07\/el-puente-viejo-areco.jpg 1920w\" sizes=\"(max-width: 1024px) 100vw, 1024px\" \/><\/figure>\n\n\n\n<h3 class=\"wp-block-heading\">2. Museo Gauchesco Ricardo G\u00fciraldes<\/h3>\n\n\n\n<p>El Museo se encuentra dentro de El Parque Criollo, inaugurado el 16 de octubre de 1938. Lleva el nombre de Ricardo G\u00fciraldes en honor del autor de la novela Don Segundo Sombra, de 1926.<\/p>\n\n\n\n<p>Abierto de jueves a lunes de 11:15 a 16:30 hs.<\/p>\n\n\n\n<p>Tambi\u00e9n ofrece visitas guiadas gratuitas que enriquecen much\u00edsimo la experiencia. Se realizan los s\u00e1bados y domingos a las 11:30 y 15:00 hs.<\/p>\n\n\n\n<figure class=\"wp-block-image size-large\"><img decoding=\"async\" width=\"1024\" height=\"682\" src=\"https:\/\/muyferiado.com.ar\/wp-content\/uploads\/2022\/07\/parque-criollo-y-museo-gauchesco-ricardo-guiraldes-1024x682.jpg\" alt=\"\" class=\"wp-image-256\" srcset=\"https:\/\/muyferiado.com.ar\/wp-content\/uploads\/2022\/07\/parque-criollo-y-museo-gauchesco-ricardo-guiraldes-1024x682.jpg 1024w, https:\/\/muyferiado.com.ar\/wp-content\/uploads\/2022\/07\/parque-criollo-y-museo-gauchesco-ricardo-guiraldes-300x200.jpg 300w, https:\/\/muyferiado.com.ar\/wp-content\/uploads\/2022\/07\/parque-criollo-y-museo-gauchesco-ricardo-guiraldes-768x511.jpg 768w, https:\/\/muyferiado.com.ar\/wp-content\/uploads\/2022\/07\/parque-criollo-y-museo-gauchesco-ricardo-guiraldes-1536x1022.jpg 1536w, https:\/\/muyferiado.com.ar\/wp-content\/uploads\/2022\/07\/parque-criollo-y-museo-gauchesco-ricardo-guiraldes.jpg 1920w\" sizes=\"(max-width: 1024px) 100vw, 1024px\" \/><\/figure>\n\n\n\n<h3 class=\"wp-block-heading\">3. Pulper\u00eda La Blanqueada<\/h3>\n\n\n\n<p>Declarado como Monumento Hist\u00f3rico Nacional desde 1999, este local es una aut\u00e9ntica pulper\u00eda convertida en museo.<\/p>\n\n\n\n<p>Tiene m\u00e1s de 150 a\u00f1os de historia. En su interior, se exhibe una reconstrucci\u00f3n con elementos t\u00edpicos de la pulper\u00edas de la \u00e9poca para revivir los momentos en que eran punto de reuni\u00f3n y abastecimiento del gauchaje.<\/p>\n\n\n\n<p> <\/p>\n\n\n\n<figure class=\"wp-block-image size-large\"><img decoding=\"async\" width=\"1024\" height=\"768\" src=\"https:\/\/muyferiado.com.ar\/wp-content\/uploads\/2022\/07\/pulperia-la-blanqueada-1024x768.jpg\" alt=\"\" class=\"wp-image-257\" srcset=\"https:\/\/muyferiado.com.ar\/wp-content\/uploads\/2022\/07\/pulperia-la-blanqueada-1024x768.jpg 1024w, https:\/\/muyferiado.com.ar\/wp-content\/uploads\/2022\/07\/pulperia-la-blanqueada-300x225.jpg 300w, https:\/\/muyferiado.com.ar\/wp-content\/uploads\/2022\/07\/pulperia-la-blanqueada-768x576.jpg 768w, https:\/\/muyferiado.com.ar\/wp-content\/uploads\/2022\/07\/pulperia-la-blanqueada-1536x1152.jpg 1536w, https:\/\/muyferiado.com.ar\/wp-content\/uploads\/2022\/07\/pulperia-la-blanqueada.jpg 2048w\" sizes=\"(max-width: 1024px) 100vw, 1024px\" \/><\/figure>\n\n\n\n<h2 class=\"wp-block-heading\">\u00bfC\u00f3mo llegar a San Antonio de Areco?<\/h2>\n\n\n\n<h3 class=\"wp-block-heading\">En auto<\/h3>\n\n\n\n<p>El partido de San Antonio de Areco se encuentra a 113 km de la Ciudad de Buenos Aires, ubicado en el cruce de la Ruta Nacional N\u00b0 8 y la Ruta Provincial N\u00b0 41.<\/p>\n\n\n\n<h3 class=\"wp-block-heading\">En micro<\/h3>\n\n\n\n<p>Desde la Retiro, la empresa Chevallier brinda servicios todos los d\u00edas. Pod\u00e9s comprar los pasajes en la web de Chevallier: <a href=\"https:\/\/www.nuevachevallier.com\/\" target=\"_blank\" rel=\"noopener\">https:\/\/www.nuevachevallier.com\/<\/a><\/p>\n\n\n\n<h3 class=\"wp-block-heading\">En tren<\/h3>\n\n\n\n<p>Se espera que el tren vuelva a pasar por la ciudad de San Antonio de Areco para los primeros meses del 2023. Seg\u00fan inform\u00f3 Trenes Argentinos, se podr\u00e1 conectar las paradas de Gaynor, Sol\u00eds y Vagu\u00e9s a los servicios del tren de la l\u00ednea Mitre, que une la Ciudad Aut\u00f3noma de Buenos Aires con el norte del conurbano.<\/p>\n\n\n\n<h2 class=\"wp-block-heading\">Pueblos rurales para visitar en San Antonio de Areco<\/h2>\n\n\n\n<h3 class=\"wp-block-heading\">Duggan<\/h3>\n\n\n\n<p>Es un pueblo rural que ofrece tranquilidad. En Duggan es super recomendado visitar la panader\u00eda m\u00e1s vieja del partido de San Antonio de Areco, del a\u00f1o 1911. Tambi\u00e9n hay dos hermosas plazoletas para pasear y descansar: Carlos Duggan y San Juan Bautista.<\/p>\n\n\n\n<figure class=\"wp-block-image size-large\"><img loading=\"lazy\" decoding=\"async\" width=\"1024\" height=\"768\" src=\"https:\/\/muyferiado.com.ar\/wp-content\/uploads\/2022\/07\/duggan-3-1024x768.jpg\" alt=\"Pueblo de Duggan\" class=\"wp-image-251\" srcset=\"https:\/\/muyferiado.com.ar\/wp-content\/uploads\/2022\/07\/duggan-3-1024x768.jpg 1024w, https:\/\/muyferiado.com.ar\/wp-content\/uploads\/2022\/07\/duggan-3-300x225.jpg 300w, https:\/\/muyferiado.com.ar\/wp-content\/uploads\/2022\/07\/duggan-3-768x576.jpg 768w, https:\/\/muyferiado.com.ar\/wp-content\/uploads\/2022\/07\/duggan-3-1536x1152.jpg 1536w, https:\/\/muyferiado.com.ar\/wp-content\/uploads\/2022\/07\/duggan-3.jpg 1600w\" sizes=\"(max-width: 1024px) 100vw, 1024px\" \/><figcaption>Antigua estaci\u00f3n Duggan<\/figcaption><\/figure>\n\n\n\n<h3 class=\"wp-block-heading\">Villa L\u00eda<\/h3>\n\n\n\n<p>Villa L\u00eda es un tranquilo pueblo tur\u00edstico. Los puntos obligados para conocer son conocer los almacenes de ramos Generales de \u201cPascual\u201d o el de \u201cCaunedo\u201d, el Museo y Centro Cultural Los Rostros de la Pampa.<br><\/p>\n\n\n\n<figure class=\"wp-block-image size-large\"><img loading=\"lazy\" decoding=\"async\" width=\"1024\" height=\"682\" src=\"https:\/\/muyferiado.com.ar\/wp-content\/uploads\/2022\/07\/villa-lia-1024x682.jpg\" alt=\"Museo y Centro Cultural Los Rostros de la Pampa de Villa L\u00eda\" class=\"wp-image-250\" srcset=\"https:\/\/muyferiado.com.ar\/wp-content\/uploads\/2022\/07\/villa-lia-1024x682.jpg 1024w, https:\/\/muyferiado.com.ar\/wp-content\/uploads\/2022\/07\/villa-lia-300x200.jpg 300w, https:\/\/muyferiado.com.ar\/wp-content\/uploads\/2022\/07\/villa-lia-768x512.jpg 768w, https:\/\/muyferiado.com.ar\/wp-content\/uploads\/2022\/07\/villa-lia.jpg 1280w\" sizes=\"(max-width: 1024px) 100vw, 1024px\" \/><figcaption>Museo y Centro Cultural Los Rostros de la Pampa<\/figcaption><\/figure>\n\n\n\n<h3 class=\"wp-block-heading\">Vagues<\/h3>\n\n\n\n<p>A solo 6 kil\u00f3metros de San Antonio de Areco nos encontramos con el pueblo de Vagues. Su principal atracci\u00f3n es su vieja estaci\u00f3n de tren, un lugar muy fotog\u00e9nico. Pod\u00e9s subirte a los antiguos vagones y pasear por una estaci\u00f3n detenida en el tiempo.<\/p>\n\n\n\n<figure class=\"wp-block-image size-large\"><img loading=\"lazy\" decoding=\"async\" width=\"1024\" height=\"768\" src=\"https:\/\/muyferiado.com.ar\/wp-content\/uploads\/2022\/07\/vagues-1024x768.jpg\" alt=\"Estacion Vagues\" class=\"wp-image-249\" srcset=\"https:\/\/muyferiado.com.ar\/wp-content\/uploads\/2022\/07\/vagues-1024x768.jpg 1024w, https:\/\/muyferiado.com.ar\/wp-content\/uploads\/2022\/07\/vagues-300x225.jpg 300w, https:\/\/muyferiado.com.ar\/wp-content\/uploads\/2022\/07\/vagues-768x576.jpg 768w, https:\/\/muyferiado.com.ar\/wp-content\/uploads\/2022\/07\/vagues-1536x1152.jpg 1536w, https:\/\/muyferiado.com.ar\/wp-content\/uploads\/2022\/07\/vagues.jpg 1920w\" sizes=\"(max-width: 1024px) 100vw, 1024px\" \/><figcaption>Antigua estaci\u00f3n de tren.<\/figcaption><\/figure>\n\n\n\n<h3 class=\"wp-block-heading\">\u00bfQu\u00e9 feriados quedan para ir a San Antonio de Areco?<\/h3>\n\n\n\n<p><a href=\"https:\/\/muyferiado.com.ar\/?p=319\">Mir\u00e1 la nota completa con todos los feriados del 2022 en Argentina<\/a>.<\/p>\n","protected":false},"excerpt":{"rendered":"<p>San Antonio de Areco es una de las localidades tur\u00edsticas de Buenos Aires ideal para<\/p>\n","protected":false},"author":2,"featured_media":254,"comment_status":"open","ping_status":"open","sticky":false,"template":"","format":"standard","meta":{"footnotes":""},"categories":[4],"tags":[38,36,39,37,40],"class_list":["post-248","post","type-post","status-publish","format-standard","has-post-thumbnail","hentry","category-pueblos","tag-areco","tag-argentina","tag-escapada","tag-pueblo","tag-salida"],"aioseo_notices":[],"featured_image_urls":{"full":["https:\/\/muyferiado.com.ar\/wp-content\/uploads\/2022\/07\/sanantoniodepadua.jpg",950,534,false],"thumbnail":["https:\/\/muyferiado.com.ar\/wp-content\/uploads\/2022\/07\/sanantoniodepadua-150x150.jpg",150,150,true],"medium":["https:\/\/muyferiado.com.ar\/wp-content\/uploads\/2022\/07\/sanantoniodepadua-300x169.jpg",300,169,true],"medium_large":["https:\/\/muyferiado.com.ar\/wp-content\/uploads\/2022\/07\/sanantoniodepadua-768x432.jpg",640,360,true],"large":["https:\/\/muyferiado.com.ar\/wp-content\/uploads\/2022\/07\/sanantoniodepadua.jpg",640,360,false],"1536x1536":["https:\/\/muyferiado.com.ar\/wp-content\/uploads\/2022\/07\/sanantoniodepadua.jpg",950,534,false],"2048x2048":["https:\/\/muyferiado.com.ar\/wp-content\/uploads\/2022\/07\/sanantoniodepadua.jpg",950,534,false],"elegant-magazine-featured":["https:\/\/muyferiado.com.ar\/wp-content\/uploads\/2022\/07\/sanantoniodepadua.jpg",950,534,false],"elegant-magazine-medium":["https:\/\/muyferiado.com.ar\/wp-content\/uploads\/2022\/07\/sanantoniodepadua-720x380.jpg",720,380,true],"elegant-magazine-medium-small":["https:\/\/muyferiado.com.ar\/wp-content\/uploads\/2022\/07\/sanantoniodepadua-300x200.jpg",300,200,true],"elegant-magazine-thumbnail-small":["https:\/\/muyferiado.com.ar\/wp-content\/uploads\/2022\/07\/sanantoniodepadua-50x50.jpg",50,50,true]},"author_info":{"display_name":"Muy Feriado","author_link":"https:\/\/muyferiado.com.ar\/?author=2"},"category_info":"<a href=\"https:\/\/muyferiado.com.ar\/?cat=4\" rel=\"category\">Pueblos<\/a>","tag_info":"Pueblos","comment_count":"0","_links":{"self":[{"href":"https:\/\/muyferiado.com.ar\/index.php?rest_route=\/wp\/v2\/posts\/248","targetHints":{"allow":["GET"]}}],"collection":[{"href":"https:\/\/muyferiado.com.ar\/index.php?rest_route=\/wp\/v2\/posts"}],"about":[{"href":"https:\/\/muyferiado.com.ar\/index.php?rest_route=\/wp\/v2\/types\/post"}],"author":[{"embeddable":true,"href":"https:\/\/muyferiado.com.ar\/index.php?rest_route=\/wp\/v2\/users\/2"}],"replies":[{"embeddable":true,"href":"https:\/\/muyferiado.com.ar\/index.php?rest_route=%2Fwp%2Fv2%2Fcomments&post=248"}],"version-history":[{"count":9,"href":"https:\/\/muyferiado.com.ar\/index.php?rest_route=\/wp\/v2\/posts\/248\/revisions"}],"predecessor-version":[{"id":532,"href":"https:\/\/muyferiado.com.ar\/index.php?rest_route=\/wp\/v2\/posts\/248\/revisions\/532"}],"wp:featuredmedia":[{"embeddable":true,"href":"https:\/\/muyferiado.com.ar\/index.php?rest_route=\/wp\/v2\/media\/254"}],"wp:attachment":[{"href":"https:\/\/muyferiado.com.ar\/index.php?rest_route=%2Fwp%2Fv2%2Fmedia&parent=248"}],"wp:term":[{"taxonomy":"category","embeddable":true,"href":"https:\/\/muyferiado.com.ar\/index.php?rest_route=%2Fwp%2Fv2%2Fcategories&post=248"},{"taxonomy":"post_tag","embeddable":true,"href":"https:\/\/muyferiado.com.ar\/index.php?rest_route=%2Fwp%2Fv2%2Ftags&post=248"}],"curies":[{"name":"wp","href":"https:\/\/api.w.org\/{rel}","templated":true}]}}